{"id":803,"count":38,"description":"A Kvarner-\u00f6b\u00f6l egy leny\u0171g\u00f6z\u0151 \u00f6b\u00f6l az Adriai-tenger \u00e9szaki partj\u00e1n, az Isztriai-f\u00e9lsziget \u00e9s a horv\u00e1t sz\u00e1razf\u00f6ld k\u00f6z\u00f6tt. Kiv\u00e9teles sz\u00e9ps\u00e9g\u00e9r\u0151l h\u00edres, amelyet krist\u00e1lytiszta az\u00fark\u00e9k v\u00edz, elsz\u00f3rtan elhelyezked\u0151 szigetek \u00e9s buja z\u00f6ld dombok jellemeznek. Az \u00f6bl\u00f6t olyan szigetek d\u00edsz\u00edtik, mint Krk, Cres \u00e9s Rab, amelyek mindegyike saj\u00e1tos karakter\u00e9vel, t\u00f6rt\u00e9nelmi helysz\u00edneivel \u00e9s \u00e9rintetlen strandjaival j\u00e1rul hozz\u00e1 a r\u00e9gi\u00f3 vonzerej\u00e9hez. A r\u00e9gi\u00f3 legnagyobb kik\u00f6t\u0151v\u00e1rosa, Rijeka ny\u00fczsg\u0151 kik\u00f6t\u0151v\u00e1rosa dinamikus v\u00e1rosi l\u00e9gk\u00f6rt k\u00f6lcs\u00f6n\u00f6z. A t\u00f6rt\u00e9nelmi \u00e9p\u00edt\u00e9szet, a ny\u00fczsg\u0151 piacok \u00e9s a kultur\u00e1lis esem\u00e9nyek, p\u00e9ld\u00e1ul a rijekai karnev\u00e1l kever\u00e9ke a Kvarner-\u00f6b\u00f6l \u00e9l\u00e9nk k\u00f6zpontj\u00e1v\u00e1 teszi.    \n\nAk\u00e1r a t\u00f6rt\u00e9nelmi b\u00e1j, ak\u00e1r a term\u00e9szeti sz\u00e9ps\u00e9g, ak\u00e1r a vibr\u00e1l\u00f3 tengerparti \u00e9letm\u00f3d vonzza <a href=\"https:\/\/theone.hr\/city\/crikvenica\/\">Crikvenic\u00e1ban<\/a>, a Kvarner-\u00f6b\u00f6l mag\u00e1ba foglalja az Adria l\u00e9nyeg\u00e9t, \u00edgy vonz\u00f3 \u00e9s fest\u0151i r\u00e9gi\u00f3t jelent mind a lakosok, mind a l\u00e1togat\u00f3k sz\u00e1m\u00e1ra.","link":"https:\/\/theone.hr\/hu\/podrucje\/kvarner-obol\/","name":"Kvarner-\u00f6b\u00f6l","slug":"kvarner-obol","taxonomy":"property_area","parent":0,"meta":[],"yoast_head":"<!-- This site is optimized with the Yoast SEO plugin v27.4 - https:\/\/yoast.com\/product\/yoast-seo-wordpress\/ -->\n<title>Kvarner-\u00f6b\u00f6l - THE ONE Real Estate<\/title>\n<meta name=\"description\" content=\"A Kvarner-\u00f6b\u00f6l egy leny\u0171g\u00f6z\u0151 \u00f6b\u00f6l az Adriai-tenger \u00e9szaki partj\u00e1n, az Isztriai-f\u00e9lsziget \u00e9s a horv\u00e1t sz\u00e1razf\u00f6ld k\u00f6z\u00f6tt. Kiv\u00e9teles sz\u00e9ps\u00e9g\u00e9r\u0151l h\u00edres, amelyet krist\u00e1lytiszta az\u00fark\u00e9k v\u00edz, elsz\u00f3rtan elhelyezked\u0151 szigetek \u00e9s buja z\u00f6ld dombok jellemeznek. Az \u00f6bl\u00f6t olyan szigetek d\u00edsz\u00edtik, mint Krk, Cres \u00e9s Rab, amelyek mindegyike saj\u00e1tos karakter\u00e9vel, t\u00f6rt\u00e9nelmi helysz\u00edneivel \u00e9s \u00e9rintetlen strandjaival j\u00e1rul hozz\u00e1 a r\u00e9gi\u00f3 vonzerej\u00e9hez. A r\u00e9gi\u00f3 legnagyobb kik\u00f6t\u0151v\u00e1rosa, Rijeka ny\u00fczsg\u0151 kik\u00f6t\u0151v\u00e1rosa dinamikus v\u00e1rosi l\u00e9gk\u00f6rt k\u00f6lcs\u00f6n\u00f6z. A t\u00f6rt\u00e9nelmi \u00e9p\u00edt\u00e9szet, a ny\u00fczsg\u0151 piacok \u00e9s a kultur\u00e1lis esem\u00e9nyek, p\u00e9ld\u00e1ul a rijekai karnev\u00e1l kever\u00e9ke a Kvarner-\u00f6b\u00f6l \u00e9l\u00e9nk k\u00f6zpontj\u00e1v\u00e1 teszi.   Ak\u00e1r a t\u00f6rt\u00e9nelmi b\u00e1j, ak\u00e1r a term\u00e9szeti sz\u00e9ps\u00e9g, ak\u00e1r a vibr\u00e1l\u00f3 tengerparti \u00e9letm\u00f3d vonzza Crikvenic\u00e1ban, a Kvarner-\u00f6b\u00f6l mag\u00e1ba foglalja az Adria l\u00e9nyeg\u00e9t, \u00edgy vonz\u00f3 \u00e9s fest\u0151i r\u00e9gi\u00f3t jelent mind a lakosok, mind a l\u00e1togat\u00f3k sz\u00e1m\u00e1ra.\" \/>\n<meta name=\"robots\" content=\"index, follow, max-snippet:-1, max-image-preview:large, max-video-preview:-1\" \/>\n<link rel=\"canonical\" href=\"https:\/\/theone.hr\/hu\/podrucje\/kvarner-obol\/\" \/>\n<meta property=\"og:locale\" content=\"hu_HU\" \/>\n<meta property=\"og:type\" content=\"article\" \/>\n<meta property=\"og:title\" content=\"Kvarner-\u00f6b\u00f6l - THE ONE Real Estate\" \/>\n<meta property=\"og:description\" content=\"A Kvarner-\u00f6b\u00f6l egy leny\u0171g\u00f6z\u0151 \u00f6b\u00f6l az Adriai-tenger \u00e9szaki partj\u00e1n, az Isztriai-f\u00e9lsziget \u00e9s a horv\u00e1t sz\u00e1razf\u00f6ld k\u00f6z\u00f6tt. Kiv\u00e9teles sz\u00e9ps\u00e9g\u00e9r\u0151l h\u00edres, amelyet krist\u00e1lytiszta az\u00fark\u00e9k v\u00edz, elsz\u00f3rtan elhelyezked\u0151 szigetek \u00e9s buja z\u00f6ld dombok jellemeznek. Az \u00f6bl\u00f6t olyan szigetek d\u00edsz\u00edtik, mint Krk, Cres \u00e9s Rab, amelyek mindegyike saj\u00e1tos karakter\u00e9vel, t\u00f6rt\u00e9nelmi helysz\u00edneivel \u00e9s \u00e9rintetlen strandjaival j\u00e1rul hozz\u00e1 a r\u00e9gi\u00f3 vonzerej\u00e9hez. A r\u00e9gi\u00f3 legnagyobb kik\u00f6t\u0151v\u00e1rosa, Rijeka ny\u00fczsg\u0151 kik\u00f6t\u0151v\u00e1rosa dinamikus v\u00e1rosi l\u00e9gk\u00f6rt k\u00f6lcs\u00f6n\u00f6z. A t\u00f6rt\u00e9nelmi \u00e9p\u00edt\u00e9szet, a ny\u00fczsg\u0151 piacok \u00e9s a kultur\u00e1lis esem\u00e9nyek, p\u00e9ld\u00e1ul a rijekai karnev\u00e1l kever\u00e9ke a Kvarner-\u00f6b\u00f6l \u00e9l\u00e9nk k\u00f6zpontj\u00e1v\u00e1 teszi.   Ak\u00e1r a t\u00f6rt\u00e9nelmi b\u00e1j, ak\u00e1r a term\u00e9szeti sz\u00e9ps\u00e9g, ak\u00e1r a vibr\u00e1l\u00f3 tengerparti \u00e9letm\u00f3d vonzza Crikvenic\u00e1ban, a Kvarner-\u00f6b\u00f6l mag\u00e1ba foglalja az Adria l\u00e9nyeg\u00e9t, \u00edgy vonz\u00f3 \u00e9s fest\u0151i r\u00e9gi\u00f3t jelent mind a lakosok, mind a l\u00e1togat\u00f3k sz\u00e1m\u00e1ra.\" \/>\n<meta property=\"og:url\" content=\"https:\/\/theone.hr\/hu\/podrucje\/kvarner-obol\/\" \/>\n<meta property=\"og:site_name\" content=\"THE ONE Real Estate\" \/>\n<meta name=\"twitter:card\" content=\"summary_large_image\" \/>\n<script type=\"application\/ld+json\" class=\"yoast-schema-graph\">{\"@context\":\"https:\\\/\\\/schema.org\",\"@graph\":[{\"@type\":\"CollectionPage\",\"@id\":\"https:\\\/\\\/theone.hr\\\/hu\\\/podrucje\\\/kvarner-obol\\\/\",\"url\":\"https:\\\/\\\/theone.hr\\\/hu\\\/podrucje\\\/kvarner-obol\\\/\",\"name\":\"Kvarner-\u00f6b\u00f6l - THE ONE Real Estate\",\"isPartOf\":{\"@id\":\"https:\\\/\\\/theone.hr\\\/hu\\\/#website\"},\"description\":\"A Kvarner-\u00f6b\u00f6l egy leny\u0171g\u00f6z\u0151 \u00f6b\u00f6l az Adriai-tenger \u00e9szaki partj\u00e1n, az Isztriai-f\u00e9lsziget \u00e9s a horv\u00e1t sz\u00e1razf\u00f6ld k\u00f6z\u00f6tt. Kiv\u00e9teles sz\u00e9ps\u00e9g\u00e9r\u0151l h\u00edres, amelyet krist\u00e1lytiszta az\u00fark\u00e9k v\u00edz, elsz\u00f3rtan elhelyezked\u0151 szigetek \u00e9s buja z\u00f6ld dombok jellemeznek. Az \u00f6bl\u00f6t olyan szigetek d\u00edsz\u00edtik, mint Krk, Cres \u00e9s Rab, amelyek mindegyike saj\u00e1tos karakter\u00e9vel, t\u00f6rt\u00e9nelmi helysz\u00edneivel \u00e9s \u00e9rintetlen strandjaival j\u00e1rul hozz\u00e1 a r\u00e9gi\u00f3 vonzerej\u00e9hez. A r\u00e9gi\u00f3 legnagyobb kik\u00f6t\u0151v\u00e1rosa, Rijeka ny\u00fczsg\u0151 kik\u00f6t\u0151v\u00e1rosa dinamikus v\u00e1rosi l\u00e9gk\u00f6rt k\u00f6lcs\u00f6n\u00f6z. A t\u00f6rt\u00e9nelmi \u00e9p\u00edt\u00e9szet, a ny\u00fczsg\u0151 piacok \u00e9s a kultur\u00e1lis esem\u00e9nyek, p\u00e9ld\u00e1ul a rijekai karnev\u00e1l kever\u00e9ke a Kvarner-\u00f6b\u00f6l \u00e9l\u00e9nk k\u00f6zpontj\u00e1v\u00e1 teszi. Ak\u00e1r a t\u00f6rt\u00e9nelmi b\u00e1j, ak\u00e1r a term\u00e9szeti sz\u00e9ps\u00e9g, ak\u00e1r a vibr\u00e1l\u00f3 tengerparti \u00e9letm\u00f3d vonzza Crikvenic\u00e1ban, a Kvarner-\u00f6b\u00f6l mag\u00e1ba foglalja az Adria l\u00e9nyeg\u00e9t, \u00edgy vonz\u00f3 \u00e9s fest\u0151i r\u00e9gi\u00f3t jelent mind a lakosok, mind a l\u00e1togat\u00f3k sz\u00e1m\u00e1ra.\",\"breadcrumb\":{\"@id\":\"https:\\\/\\\/theone.hr\\\/hu\\\/podrucje\\\/kvarner-obol\\\/#breadcrumb\"},\"inLanguage\":\"hu\"},{\"@type\":\"BreadcrumbList\",\"@id\":\"https:\\\/\\\/theone.hr\\\/hu\\\/podrucje\\\/kvarner-obol\\\/#breadcrumb\",\"itemListElement\":[{\"@type\":\"ListItem\",\"position\":1,\"name\":\"Home\",\"item\":\"https:\\\/\\\/theone.hr\\\/hu\\\/\"},{\"@type\":\"ListItem\",\"position\":2,\"name\":\"Kvarner-\u00f6b\u00f6l\"}]},{\"@type\":\"WebSite\",\"@id\":\"https:\\\/\\\/theone.hr\\\/hu\\\/#website\",\"url\":\"https:\\\/\\\/theone.hr\\\/hu\\\/\",\"name\":\"THE ONE Real Estate\",\"description\":\"Luxury boutique real estate brokerage\",\"publisher\":{\"@id\":\"https:\\\/\\\/theone.hr\\\/hu\\\/#organization\"},\"potentialAction\":[{\"@type\":\"SearchAction\",\"target\":{\"@type\":\"EntryPoint\",\"urlTemplate\":\"https:\\\/\\\/theone.hr\\\/hu\\\/?s={search_term_string}\"},\"query-input\":{\"@type\":\"PropertyValueSpecification\",\"valueRequired\":true,\"valueName\":\"search_term_string\"}}],\"inLanguage\":\"hu\"},{\"@type\":\"Organization\",\"@id\":\"https:\\\/\\\/theone.hr\\\/hu\\\/#organization\",\"name\":\"THE ONE Real Estate\",\"url\":\"https:\\\/\\\/theone.hr\\\/hu\\\/\",\"logo\":{\"@type\":\"ImageObject\",\"inLanguage\":\"hu\",\"@id\":\"https:\\\/\\\/theone.hr\\\/hu\\\/#\\\/schema\\\/logo\\\/image\\\/\",\"url\":\"https:\\\/\\\/theone.hr\\\/wp-content\\\/uploads\\\/2022\\\/02\\\/The-One-Real-Estate-Logo-Black.jpg\",\"contentUrl\":\"https:\\\/\\\/theone.hr\\\/wp-content\\\/uploads\\\/2022\\\/02\\\/The-One-Real-Estate-Logo-Black.jpg\",\"width\":750,\"height\":750,\"caption\":\"THE ONE Real Estate\"},\"image\":{\"@id\":\"https:\\\/\\\/theone.hr\\\/hu\\\/#\\\/schema\\\/logo\\\/image\\\/\"},\"sameAs\":[\"https:\\\/\\\/www.facebook.com\\\/theonerealestatecroatia\\\/\",\"https:\\\/\\\/www.instagram.com\\\/theonecroatia\\\/\"]}]}<\/script>\n<!-- \/ Yoast SEO plugin. -->","yoast_head_json":{"title":"Kvarner-\u00f6b\u00f6l - THE ONE Real Estate","description":"A Kvarner-\u00f6b\u00f6l egy leny\u0171g\u00f6z\u0151 \u00f6b\u00f6l az Adriai-tenger \u00e9szaki partj\u00e1n, az Isztriai-f\u00e9lsziget \u00e9s a horv\u00e1t sz\u00e1razf\u00f6ld k\u00f6z\u00f6tt. Kiv\u00e9teles sz\u00e9ps\u00e9g\u00e9r\u0151l h\u00edres, amelyet krist\u00e1lytiszta az\u00fark\u00e9k v\u00edz, elsz\u00f3rtan elhelyezked\u0151 szigetek \u00e9s buja z\u00f6ld dombok jellemeznek. Az \u00f6bl\u00f6t olyan szigetek d\u00edsz\u00edtik, mint Krk, Cres \u00e9s Rab, amelyek mindegyike saj\u00e1tos karakter\u00e9vel, t\u00f6rt\u00e9nelmi helysz\u00edneivel \u00e9s \u00e9rintetlen strandjaival j\u00e1rul hozz\u00e1 a r\u00e9gi\u00f3 vonzerej\u00e9hez. A r\u00e9gi\u00f3 legnagyobb kik\u00f6t\u0151v\u00e1rosa, Rijeka ny\u00fczsg\u0151 kik\u00f6t\u0151v\u00e1rosa dinamikus v\u00e1rosi l\u00e9gk\u00f6rt k\u00f6lcs\u00f6n\u00f6z. A t\u00f6rt\u00e9nelmi \u00e9p\u00edt\u00e9szet, a ny\u00fczsg\u0151 piacok \u00e9s a kultur\u00e1lis esem\u00e9nyek, p\u00e9ld\u00e1ul a rijekai karnev\u00e1l kever\u00e9ke a Kvarner-\u00f6b\u00f6l \u00e9l\u00e9nk k\u00f6zpontj\u00e1v\u00e1 teszi.   Ak\u00e1r a t\u00f6rt\u00e9nelmi b\u00e1j, ak\u00e1r a term\u00e9szeti sz\u00e9ps\u00e9g, ak\u00e1r a vibr\u00e1l\u00f3 tengerparti \u00e9letm\u00f3d vonzza Crikvenic\u00e1ban, a Kvarner-\u00f6b\u00f6l mag\u00e1ba foglalja az Adria l\u00e9nyeg\u00e9t, \u00edgy vonz\u00f3 \u00e9s fest\u0151i r\u00e9gi\u00f3t jelent mind a lakosok, mind a l\u00e1togat\u00f3k sz\u00e1m\u00e1ra.","robots":{"index":"index","follow":"follow","max-snippet":"max-snippet:-1","max-image-preview":"max-image-preview:large","max-video-preview":"max-video-preview:-1"},"canonical":"https:\/\/theone.hr\/hu\/podrucje\/kvarner-obol\/","og_locale":"hu_HU","og_type":"article","og_title":"Kvarner-\u00f6b\u00f6l - THE ONE Real Estate","og_description":"A Kvarner-\u00f6b\u00f6l egy leny\u0171g\u00f6z\u0151 \u00f6b\u00f6l az Adriai-tenger \u00e9szaki partj\u00e1n, az Isztriai-f\u00e9lsziget \u00e9s a horv\u00e1t sz\u00e1razf\u00f6ld k\u00f6z\u00f6tt. Kiv\u00e9teles sz\u00e9ps\u00e9g\u00e9r\u0151l h\u00edres, amelyet krist\u00e1lytiszta az\u00fark\u00e9k v\u00edz, elsz\u00f3rtan elhelyezked\u0151 szigetek \u00e9s buja z\u00f6ld dombok jellemeznek. Az \u00f6bl\u00f6t olyan szigetek d\u00edsz\u00edtik, mint Krk, Cres \u00e9s Rab, amelyek mindegyike saj\u00e1tos karakter\u00e9vel, t\u00f6rt\u00e9nelmi helysz\u00edneivel \u00e9s \u00e9rintetlen strandjaival j\u00e1rul hozz\u00e1 a r\u00e9gi\u00f3 vonzerej\u00e9hez. A r\u00e9gi\u00f3 legnagyobb kik\u00f6t\u0151v\u00e1rosa, Rijeka ny\u00fczsg\u0151 kik\u00f6t\u0151v\u00e1rosa dinamikus v\u00e1rosi l\u00e9gk\u00f6rt k\u00f6lcs\u00f6n\u00f6z. A t\u00f6rt\u00e9nelmi \u00e9p\u00edt\u00e9szet, a ny\u00fczsg\u0151 piacok \u00e9s a kultur\u00e1lis esem\u00e9nyek, p\u00e9ld\u00e1ul a rijekai karnev\u00e1l kever\u00e9ke a Kvarner-\u00f6b\u00f6l \u00e9l\u00e9nk k\u00f6zpontj\u00e1v\u00e1 teszi.   Ak\u00e1r a t\u00f6rt\u00e9nelmi b\u00e1j, ak\u00e1r a term\u00e9szeti sz\u00e9ps\u00e9g, ak\u00e1r a vibr\u00e1l\u00f3 tengerparti \u00e9letm\u00f3d vonzza Crikvenic\u00e1ban, a Kvarner-\u00f6b\u00f6l mag\u00e1ba foglalja az Adria l\u00e9nyeg\u00e9t, \u00edgy vonz\u00f3 \u00e9s fest\u0151i r\u00e9gi\u00f3t jelent mind a lakosok, mind a l\u00e1togat\u00f3k sz\u00e1m\u00e1ra.","og_url":"https:\/\/theone.hr\/hu\/podrucje\/kvarner-obol\/","og_site_name":"THE ONE Real Estate","twitter_card":"summary_large_image","schema":{"@context":"https:\/\/schema.org","@graph":[{"@type":"CollectionPage","@id":"https:\/\/theone.hr\/hu\/podrucje\/kvarner-obol\/","url":"https:\/\/theone.hr\/hu\/podrucje\/kvarner-obol\/","name":"Kvarner-\u00f6b\u00f6l - THE ONE Real Estate","isPartOf":{"@id":"https:\/\/theone.hr\/hu\/#website"},"description":"A Kvarner-\u00f6b\u00f6l egy leny\u0171g\u00f6z\u0151 \u00f6b\u00f6l az Adriai-tenger \u00e9szaki partj\u00e1n, az Isztriai-f\u00e9lsziget \u00e9s a horv\u00e1t sz\u00e1razf\u00f6ld k\u00f6z\u00f6tt. Kiv\u00e9teles sz\u00e9ps\u00e9g\u00e9r\u0151l h\u00edres, amelyet krist\u00e1lytiszta az\u00fark\u00e9k v\u00edz, elsz\u00f3rtan elhelyezked\u0151 szigetek \u00e9s buja z\u00f6ld dombok jellemeznek. Az \u00f6bl\u00f6t olyan szigetek d\u00edsz\u00edtik, mint Krk, Cres \u00e9s Rab, amelyek mindegyike saj\u00e1tos karakter\u00e9vel, t\u00f6rt\u00e9nelmi helysz\u00edneivel \u00e9s \u00e9rintetlen strandjaival j\u00e1rul hozz\u00e1 a r\u00e9gi\u00f3 vonzerej\u00e9hez. A r\u00e9gi\u00f3 legnagyobb kik\u00f6t\u0151v\u00e1rosa, Rijeka ny\u00fczsg\u0151 kik\u00f6t\u0151v\u00e1rosa dinamikus v\u00e1rosi l\u00e9gk\u00f6rt k\u00f6lcs\u00f6n\u00f6z. A t\u00f6rt\u00e9nelmi \u00e9p\u00edt\u00e9szet, a ny\u00fczsg\u0151 piacok \u00e9s a kultur\u00e1lis esem\u00e9nyek, p\u00e9ld\u00e1ul a rijekai karnev\u00e1l kever\u00e9ke a Kvarner-\u00f6b\u00f6l \u00e9l\u00e9nk k\u00f6zpontj\u00e1v\u00e1 teszi. Ak\u00e1r a t\u00f6rt\u00e9nelmi b\u00e1j, ak\u00e1r a term\u00e9szeti sz\u00e9ps\u00e9g, ak\u00e1r a vibr\u00e1l\u00f3 tengerparti \u00e9letm\u00f3d vonzza Crikvenic\u00e1ban, a Kvarner-\u00f6b\u00f6l mag\u00e1ba foglalja az Adria l\u00e9nyeg\u00e9t, \u00edgy vonz\u00f3 \u00e9s fest\u0151i r\u00e9gi\u00f3t jelent mind a lakosok, mind a l\u00e1togat\u00f3k sz\u00e1m\u00e1ra.","breadcrumb":{"@id":"https:\/\/theone.hr\/hu\/podrucje\/kvarner-obol\/#breadcrumb"},"inLanguage":"hu"},{"@type":"BreadcrumbList","@id":"https:\/\/theone.hr\/hu\/podrucje\/kvarner-obol\/#breadcrumb","itemListElement":[{"@type":"ListItem","position":1,"name":"Home","item":"https:\/\/theone.hr\/hu\/"},{"@type":"ListItem","position":2,"name":"Kvarner-\u00f6b\u00f6l"}]},{"@type":"WebSite","@id":"https:\/\/theone.hr\/hu\/#website","url":"https:\/\/theone.hr\/hu\/","name":"THE ONE Real Estate","description":"Luxury boutique real estate brokerage","publisher":{"@id":"https:\/\/theone.hr\/hu\/#organization"},"potentialAction":[{"@type":"SearchAction","target":{"@type":"EntryPoint","urlTemplate":"https:\/\/theone.hr\/hu\/?s={search_term_string}"},"query-input":{"@type":"PropertyValueSpecification","valueRequired":true,"valueName":"search_term_string"}}],"inLanguage":"hu"},{"@type":"Organization","@id":"https:\/\/theone.hr\/hu\/#organization","name":"THE ONE Real Estate","url":"https:\/\/theone.hr\/hu\/","logo":{"@type":"ImageObject","inLanguage":"hu","@id":"https:\/\/theone.hr\/hu\/#\/schema\/logo\/image\/","url":"https:\/\/theone.hr\/wp-content\/uploads\/2022\/02\/The-One-Real-Estate-Logo-Black.jpg","contentUrl":"https:\/\/theone.hr\/wp-content\/uploads\/2022\/02\/The-One-Real-Estate-Logo-Black.jpg","width":750,"height":750,"caption":"THE ONE Real Estate"},"image":{"@id":"https:\/\/theone.hr\/hu\/#\/schema\/logo\/image\/"},"sameAs":["https:\/\/www.facebook.com\/theonerealestatecroatia\/","https:\/\/www.instagram.com\/theonecroatia\/"]}]}},"_links":{"self":[{"href":"https:\/\/theone.hr\/hu\/wp-json\/wp\/v2\/property_area\/803","targetHints":{"allow":["GET"]}}],"collection":[{"href":"https:\/\/theone.hr\/hu\/wp-json\/wp\/v2\/property_area"}],"about":[{"href":"https:\/\/theone.hr\/hu\/wp-json\/wp\/v2\/taxonomies\/property_area"}],"wp:post_type":[{"href":"https:\/\/theone.hr\/hu\/wp-json\/wp\/v2\/tulajdons\u00e1gait?property_area=803"}],"curies":[{"name":"wp","href":"https:\/\/api.w.org\/{rel}","templated":true}]}}