{"id":1471,"count":1,"description":"Karlobag, az Adriai-tenger partj\u00e1n fekv\u0151 b\u00e1jos tengerparti v\u00e1ros Horv\u00e1torsz\u00e1gban, a t\u00f6rt\u00e9nelmi b\u00e1j \u00e9s a term\u00e9szeti sz\u00e9ps\u00e9g t\u00f6k\u00e9letes kever\u00e9k\u00e9t k\u00edn\u00e1lja. A fens\u00e9ges Velebit-hegys\u00e9g \u00e1ltal keretezett Karlobag fest\u0151i k\u00f6rnyezetet biztos\u00edt krist\u00e1lytiszta viz\u00e9vel, h\u00edvogat\u00f3 strandjaival \u00e9s nyugodt l\u00e9gk\u00f6r\u00e9vel. ","link":"https:\/\/theone.hr\/hu\/city\/karlobag-hu\/","name":"Karlobag","slug":"karlobag-hu","taxonomy":"property_city","parent":0,"meta":[],"yoast_head":"<!-- This site is optimized with the Yoast SEO plugin v27.4 - https:\/\/yoast.com\/product\/yoast-seo-wordpress\/ -->\n<title>Karlobag - THE ONE Real Estate<\/title>\n<meta name=\"description\" content=\"Karlobag, az Adriai-tenger partj\u00e1n fekv\u0151 b\u00e1jos tengerparti v\u00e1ros Horv\u00e1torsz\u00e1gban, a t\u00f6rt\u00e9nelmi b\u00e1j \u00e9s a term\u00e9szeti sz\u00e9ps\u00e9g t\u00f6k\u00e9letes kever\u00e9k\u00e9t k\u00edn\u00e1lja. A fens\u00e9ges Velebit-hegys\u00e9g \u00e1ltal keretezett Karlobag fest\u0151i k\u00f6rnyezetet biztos\u00edt krist\u00e1lytiszta viz\u00e9vel, h\u00edvogat\u00f3 strandjaival \u00e9s nyugodt l\u00e9gk\u00f6r\u00e9vel.\" \/>\n<meta name=\"robots\" content=\"index, follow, max-snippet:-1, max-image-preview:large, max-video-preview:-1\" \/>\n<link rel=\"canonical\" href=\"https:\/\/theone.hr\/hu\/city\/karlobag-hu\/\" \/>\n<meta property=\"og:locale\" content=\"hu_HU\" \/>\n<meta property=\"og:type\" content=\"article\" \/>\n<meta property=\"og:title\" content=\"Karlobag - THE ONE Real Estate\" \/>\n<meta property=\"og:description\" content=\"Karlobag, az Adriai-tenger partj\u00e1n fekv\u0151 b\u00e1jos tengerparti v\u00e1ros Horv\u00e1torsz\u00e1gban, a t\u00f6rt\u00e9nelmi b\u00e1j \u00e9s a term\u00e9szeti sz\u00e9ps\u00e9g t\u00f6k\u00e9letes kever\u00e9k\u00e9t k\u00edn\u00e1lja. A fens\u00e9ges Velebit-hegys\u00e9g \u00e1ltal keretezett Karlobag fest\u0151i k\u00f6rnyezetet biztos\u00edt krist\u00e1lytiszta viz\u00e9vel, h\u00edvogat\u00f3 strandjaival \u00e9s nyugodt l\u00e9gk\u00f6r\u00e9vel.\" \/>\n<meta property=\"og:url\" content=\"https:\/\/theone.hr\/hu\/city\/karlobag-hu\/\" \/>\n<meta property=\"og:site_name\" content=\"THE ONE Real Estate\" \/>\n<meta name=\"twitter:card\" content=\"summary_large_image\" \/>\n<script type=\"application\/ld+json\" class=\"yoast-schema-graph\">{\"@context\":\"https:\\\/\\\/schema.org\",\"@graph\":[{\"@type\":\"CollectionPage\",\"@id\":\"https:\\\/\\\/theone.hr\\\/hu\\\/city\\\/karlobag-hu\\\/\",\"url\":\"https:\\\/\\\/theone.hr\\\/hu\\\/city\\\/karlobag-hu\\\/\",\"name\":\"Karlobag - THE ONE Real Estate\",\"isPartOf\":{\"@id\":\"https:\\\/\\\/theone.hr\\\/hu\\\/#website\"},\"description\":\"Karlobag, az Adriai-tenger partj\u00e1n fekv\u0151 b\u00e1jos tengerparti v\u00e1ros Horv\u00e1torsz\u00e1gban, a t\u00f6rt\u00e9nelmi b\u00e1j \u00e9s a term\u00e9szeti sz\u00e9ps\u00e9g t\u00f6k\u00e9letes kever\u00e9k\u00e9t k\u00edn\u00e1lja. A fens\u00e9ges Velebit-hegys\u00e9g \u00e1ltal keretezett Karlobag fest\u0151i k\u00f6rnyezetet biztos\u00edt krist\u00e1lytiszta viz\u00e9vel, h\u00edvogat\u00f3 strandjaival \u00e9s nyugodt l\u00e9gk\u00f6r\u00e9vel.\",\"breadcrumb\":{\"@id\":\"https:\\\/\\\/theone.hr\\\/hu\\\/city\\\/karlobag-hu\\\/#breadcrumb\"},\"inLanguage\":\"hu\"},{\"@type\":\"BreadcrumbList\",\"@id\":\"https:\\\/\\\/theone.hr\\\/hu\\\/city\\\/karlobag-hu\\\/#breadcrumb\",\"itemListElement\":[{\"@type\":\"ListItem\",\"position\":1,\"name\":\"Home\",\"item\":\"https:\\\/\\\/theone.hr\\\/hu\\\/\"},{\"@type\":\"ListItem\",\"position\":2,\"name\":\"Karlobag\"}]},{\"@type\":\"WebSite\",\"@id\":\"https:\\\/\\\/theone.hr\\\/hu\\\/#website\",\"url\":\"https:\\\/\\\/theone.hr\\\/hu\\\/\",\"name\":\"THE ONE Real Estate\",\"description\":\"Luxury boutique real estate brokerage\",\"publisher\":{\"@id\":\"https:\\\/\\\/theone.hr\\\/hu\\\/#organization\"},\"potentialAction\":[{\"@type\":\"SearchAction\",\"target\":{\"@type\":\"EntryPoint\",\"urlTemplate\":\"https:\\\/\\\/theone.hr\\\/hu\\\/?s={search_term_string}\"},\"query-input\":{\"@type\":\"PropertyValueSpecification\",\"valueRequired\":true,\"valueName\":\"search_term_string\"}}],\"inLanguage\":\"hu\"},{\"@type\":\"Organization\",\"@id\":\"https:\\\/\\\/theone.hr\\\/hu\\\/#organization\",\"name\":\"THE ONE Real Estate\",\"url\":\"https:\\\/\\\/theone.hr\\\/hu\\\/\",\"logo\":{\"@type\":\"ImageObject\",\"inLanguage\":\"hu\",\"@id\":\"https:\\\/\\\/theone.hr\\\/hu\\\/#\\\/schema\\\/logo\\\/image\\\/\",\"url\":\"https:\\\/\\\/theone.hr\\\/wp-content\\\/uploads\\\/2022\\\/02\\\/The-One-Real-Estate-Logo-Black.jpg\",\"contentUrl\":\"https:\\\/\\\/theone.hr\\\/wp-content\\\/uploads\\\/2022\\\/02\\\/The-One-Real-Estate-Logo-Black.jpg\",\"width\":750,\"height\":750,\"caption\":\"THE ONE Real Estate\"},\"image\":{\"@id\":\"https:\\\/\\\/theone.hr\\\/hu\\\/#\\\/schema\\\/logo\\\/image\\\/\"},\"sameAs\":[\"https:\\\/\\\/www.facebook.com\\\/theonerealestatecroatia\\\/\",\"https:\\\/\\\/www.instagram.com\\\/theonecroatia\\\/\"]}]}<\/script>\n<!-- \/ Yoast SEO plugin. -->","yoast_head_json":{"title":"Karlobag - THE ONE Real Estate","description":"Karlobag, az Adriai-tenger partj\u00e1n fekv\u0151 b\u00e1jos tengerparti v\u00e1ros Horv\u00e1torsz\u00e1gban, a t\u00f6rt\u00e9nelmi b\u00e1j \u00e9s a term\u00e9szeti sz\u00e9ps\u00e9g t\u00f6k\u00e9letes kever\u00e9k\u00e9t k\u00edn\u00e1lja. A fens\u00e9ges Velebit-hegys\u00e9g \u00e1ltal keretezett Karlobag fest\u0151i k\u00f6rnyezetet biztos\u00edt krist\u00e1lytiszta viz\u00e9vel, h\u00edvogat\u00f3 strandjaival \u00e9s nyugodt l\u00e9gk\u00f6r\u00e9vel.","robots":{"index":"index","follow":"follow","max-snippet":"max-snippet:-1","max-image-preview":"max-image-preview:large","max-video-preview":"max-video-preview:-1"},"canonical":"https:\/\/theone.hr\/hu\/city\/karlobag-hu\/","og_locale":"hu_HU","og_type":"article","og_title":"Karlobag - THE ONE Real Estate","og_description":"Karlobag, az Adriai-tenger partj\u00e1n fekv\u0151 b\u00e1jos tengerparti v\u00e1ros Horv\u00e1torsz\u00e1gban, a t\u00f6rt\u00e9nelmi b\u00e1j \u00e9s a term\u00e9szeti sz\u00e9ps\u00e9g t\u00f6k\u00e9letes kever\u00e9k\u00e9t k\u00edn\u00e1lja. A fens\u00e9ges Velebit-hegys\u00e9g \u00e1ltal keretezett Karlobag fest\u0151i k\u00f6rnyezetet biztos\u00edt krist\u00e1lytiszta viz\u00e9vel, h\u00edvogat\u00f3 strandjaival \u00e9s nyugodt l\u00e9gk\u00f6r\u00e9vel.","og_url":"https:\/\/theone.hr\/hu\/city\/karlobag-hu\/","og_site_name":"THE ONE Real Estate","twitter_card":"summary_large_image","schema":{"@context":"https:\/\/schema.org","@graph":[{"@type":"CollectionPage","@id":"https:\/\/theone.hr\/hu\/city\/karlobag-hu\/","url":"https:\/\/theone.hr\/hu\/city\/karlobag-hu\/","name":"Karlobag - THE ONE Real Estate","isPartOf":{"@id":"https:\/\/theone.hr\/hu\/#website"},"description":"Karlobag, az Adriai-tenger partj\u00e1n fekv\u0151 b\u00e1jos tengerparti v\u00e1ros Horv\u00e1torsz\u00e1gban, a t\u00f6rt\u00e9nelmi b\u00e1j \u00e9s a term\u00e9szeti sz\u00e9ps\u00e9g t\u00f6k\u00e9letes kever\u00e9k\u00e9t k\u00edn\u00e1lja. A fens\u00e9ges Velebit-hegys\u00e9g \u00e1ltal keretezett Karlobag fest\u0151i k\u00f6rnyezetet biztos\u00edt krist\u00e1lytiszta viz\u00e9vel, h\u00edvogat\u00f3 strandjaival \u00e9s nyugodt l\u00e9gk\u00f6r\u00e9vel.","breadcrumb":{"@id":"https:\/\/theone.hr\/hu\/city\/karlobag-hu\/#breadcrumb"},"inLanguage":"hu"},{"@type":"BreadcrumbList","@id":"https:\/\/theone.hr\/hu\/city\/karlobag-hu\/#breadcrumb","itemListElement":[{"@type":"ListItem","position":1,"name":"Home","item":"https:\/\/theone.hr\/hu\/"},{"@type":"ListItem","position":2,"name":"Karlobag"}]},{"@type":"WebSite","@id":"https:\/\/theone.hr\/hu\/#website","url":"https:\/\/theone.hr\/hu\/","name":"THE ONE Real Estate","description":"Luxury boutique real estate brokerage","publisher":{"@id":"https:\/\/theone.hr\/hu\/#organization"},"potentialAction":[{"@type":"SearchAction","target":{"@type":"EntryPoint","urlTemplate":"https:\/\/theone.hr\/hu\/?s={search_term_string}"},"query-input":{"@type":"PropertyValueSpecification","valueRequired":true,"valueName":"search_term_string"}}],"inLanguage":"hu"},{"@type":"Organization","@id":"https:\/\/theone.hr\/hu\/#organization","name":"THE ONE Real Estate","url":"https:\/\/theone.hr\/hu\/","logo":{"@type":"ImageObject","inLanguage":"hu","@id":"https:\/\/theone.hr\/hu\/#\/schema\/logo\/image\/","url":"https:\/\/theone.hr\/wp-content\/uploads\/2022\/02\/The-One-Real-Estate-Logo-Black.jpg","contentUrl":"https:\/\/theone.hr\/wp-content\/uploads\/2022\/02\/The-One-Real-Estate-Logo-Black.jpg","width":750,"height":750,"caption":"THE ONE Real Estate"},"image":{"@id":"https:\/\/theone.hr\/hu\/#\/schema\/logo\/image\/"},"sameAs":["https:\/\/www.facebook.com\/theonerealestatecroatia\/","https:\/\/www.instagram.com\/theonecroatia\/"]}]}},"_links":{"self":[{"href":"https:\/\/theone.hr\/hu\/wp-json\/wp\/v2\/property_city\/1471","targetHints":{"allow":["GET"]}}],"collection":[{"href":"https:\/\/theone.hr\/hu\/wp-json\/wp\/v2\/property_city"}],"about":[{"href":"https:\/\/theone.hr\/hu\/wp-json\/wp\/v2\/taxonomies\/property_city"}],"wp:post_type":[{"href":"https:\/\/theone.hr\/hu\/wp-json\/wp\/v2\/tulajdons\u00e1gait?property_city=1471"}],"curies":[{"name":"wp","href":"https:\/\/api.w.org\/{rel}","templated":true}]}}