{"id":1484,"count":2,"description":"\n\n\n\n\n\n\n\n\n\n\n\n\nA horv\u00e1torsz\u00e1gi Isztriai-f\u00e9lszigeten fekv\u0151 Mo\u0161\u0107eni\u010dka Draga fest\u0151i sz\u00e9ps\u00e9g\u00e9r\u0151l \u00e9s t\u00f6rt\u00e9nelmi b\u00e1j\u00e1r\u00f3l h\u00edres tengerparti v\u00e1roska. A buja z\u00f6ld dombok \u00e9s az Adriai-tenger krist\u00e1lytiszta vize \u00e1ltal keretezett v\u00e1ros a term\u00e9szeti nyugalom \u00e9s a kultur\u00e1lis gazdags\u00e1g kellemes kever\u00e9k\u00e9t k\u00edn\u00e1lja. \n\nMo\u0161\u0107eni\u010dka Draga t\u00f6rt\u00e9nelmi v\u00e1rosmagja sz\u0171k macskak\u00f6ves utc\u00e1kkal, sz\u00ednes homlokzatokkal \u00e9s hangulatos terekkel rendelkezik, id\u0151tlen hangulatot teremtve. A Szent Andr\u00e1s-templom \u00e9s a 14. sz\u00e1zadi torony a v\u00e1ros kultur\u00e1lis \u00f6r\u00f6ks\u00e9g\u00e9t bemutat\u00f3 nevezetess\u00e9gk\u00e9nt \u00e1ll. \n\nMo\u0161\u0107eni\u010dka Draga f\u0151 vonzereje a leny\u0171g\u00f6z\u0151 kavicsos strand, amelyet az Adria egyik legszebb partvid\u00e9k\u00e9nek tartanak. A l\u00e1togat\u00f3k \u00e9lvezhetik a naps\u00fct\u00f6tte napokat a tengerparton, v\u00edzi tev\u00e9kenys\u00e9geket folytathatnak, vagy felfedezhetik a Kvarner-\u00f6b\u00f6lre panor\u00e1m\u00e1s kil\u00e1t\u00e1st ny\u00fajt\u00f3 tengerparti \u00f6sv\u00e9nyeket. \n\nA v\u00e1ros tengerparti s\u00e9t\u00e1ny\u00e1n h\u00edvogat\u00f3 k\u00e1v\u00e9z\u00f3k \u00e9s tengeri \u00e9ttermek sorakoznak, ahol a l\u00e1togat\u00f3k megk\u00f3stolhatj\u00e1k a helyi finoms\u00e1gokat, \u00e9s elmer\u00fclhetnek a nyugodt mediterr\u00e1n hangulatban. Mo\u0161\u0107eni\u010dka Draga leny\u0171g\u00f6z\u0151 t\u00e1j\u00e1val \u00e9s autentikus b\u00e1j\u00e1val megh\u00edvja a lakosokat \u00e9s a l\u00e1togat\u00f3kat, hogy megtapasztalj\u00e1k az isztriai r\u00e9gi\u00f3 idilli tengerparti \u00e9letst\u00edlus\u00e1t. \n\n\n\n\n\n\n\n\n\n\n\n\n","link":"https:\/\/theone.hr\/hu\/city\/moscenicka-draga-hu\/","name":"Moscenicka Draga","slug":"moscenicka-draga-hu","taxonomy":"property_city","parent":0,"meta":[],"yoast_head":"<!-- This site is optimized with the Yoast SEO plugin v27.4 - https:\/\/yoast.com\/product\/yoast-seo-wordpress\/ -->\n<title>Moscenicka Draga - THE ONE Real Estate<\/title>\n<meta name=\"description\" content=\"A horv\u00e1torsz\u00e1gi Isztriai-f\u00e9lszigeten fekv\u0151 Mo\u0161\u0107eni\u010dka Draga fest\u0151i sz\u00e9ps\u00e9g\u00e9r\u0151l \u00e9s t\u00f6rt\u00e9nelmi b\u00e1j\u00e1r\u00f3l h\u00edres tengerparti v\u00e1roska. A buja z\u00f6ld dombok \u00e9s az Adriai-tenger krist\u00e1lytiszta vize \u00e1ltal keretezett v\u00e1ros a term\u00e9szeti nyugalom \u00e9s a kultur\u00e1lis gazdags\u00e1g kellemes kever\u00e9k\u00e9t k\u00edn\u00e1lja. Mo\u0161\u0107eni\u010dka Draga t\u00f6rt\u00e9nelmi v\u00e1rosmagja sz\u0171k macskak\u00f6ves utc\u00e1kkal, sz\u00ednes homlokzatokkal \u00e9s hangulatos terekkel rendelkezik, id\u0151tlen hangulatot teremtve. A Szent Andr\u00e1s-templom \u00e9s a 14. sz\u00e1zadi torony a v\u00e1ros kultur\u00e1lis \u00f6r\u00f6ks\u00e9g\u00e9t bemutat\u00f3 nevezetess\u00e9gk\u00e9nt \u00e1ll. Mo\u0161\u0107eni\u010dka Draga f\u0151 vonzereje a leny\u0171g\u00f6z\u0151 kavicsos strand, amelyet az Adria egyik legszebb partvid\u00e9k\u00e9nek tartanak. A l\u00e1togat\u00f3k \u00e9lvezhetik a naps\u00fct\u00f6tte napokat a tengerparton, v\u00edzi tev\u00e9kenys\u00e9geket folytathatnak, vagy felfedezhetik a Kvarner-\u00f6b\u00f6lre panor\u00e1m\u00e1s kil\u00e1t\u00e1st ny\u00fajt\u00f3 tengerparti \u00f6sv\u00e9nyeket. A v\u00e1ros tengerparti s\u00e9t\u00e1ny\u00e1n h\u00edvogat\u00f3 k\u00e1v\u00e9z\u00f3k \u00e9s tengeri \u00e9ttermek sorakoznak, ahol a l\u00e1togat\u00f3k megk\u00f3stolhatj\u00e1k a helyi finoms\u00e1gokat, \u00e9s elmer\u00fclhetnek a nyugodt mediterr\u00e1n hangulatban. Mo\u0161\u0107eni\u010dka Draga leny\u0171g\u00f6z\u0151 t\u00e1j\u00e1val \u00e9s autentikus b\u00e1j\u00e1val megh\u00edvja a lakosokat \u00e9s a l\u00e1togat\u00f3kat, hogy megtapasztalj\u00e1k az isztriai r\u00e9gi\u00f3 idilli tengerparti \u00e9letst\u00edlus\u00e1t.\" \/>\n<meta name=\"robots\" content=\"index, follow, max-snippet:-1, max-image-preview:large, max-video-preview:-1\" \/>\n<link rel=\"canonical\" href=\"https:\/\/theone.hr\/hu\/city\/moscenicka-draga-hu\/\" \/>\n<meta property=\"og:locale\" content=\"hu_HU\" \/>\n<meta property=\"og:type\" content=\"article\" \/>\n<meta property=\"og:title\" content=\"Moscenicka Draga - THE ONE Real Estate\" \/>\n<meta property=\"og:description\" content=\"A horv\u00e1torsz\u00e1gi Isztriai-f\u00e9lszigeten fekv\u0151 Mo\u0161\u0107eni\u010dka Draga fest\u0151i sz\u00e9ps\u00e9g\u00e9r\u0151l \u00e9s t\u00f6rt\u00e9nelmi b\u00e1j\u00e1r\u00f3l h\u00edres tengerparti v\u00e1roska. A buja z\u00f6ld dombok \u00e9s az Adriai-tenger krist\u00e1lytiszta vize \u00e1ltal keretezett v\u00e1ros a term\u00e9szeti nyugalom \u00e9s a kultur\u00e1lis gazdags\u00e1g kellemes kever\u00e9k\u00e9t k\u00edn\u00e1lja. Mo\u0161\u0107eni\u010dka Draga t\u00f6rt\u00e9nelmi v\u00e1rosmagja sz\u0171k macskak\u00f6ves utc\u00e1kkal, sz\u00ednes homlokzatokkal \u00e9s hangulatos terekkel rendelkezik, id\u0151tlen hangulatot teremtve. A Szent Andr\u00e1s-templom \u00e9s a 14. sz\u00e1zadi torony a v\u00e1ros kultur\u00e1lis \u00f6r\u00f6ks\u00e9g\u00e9t bemutat\u00f3 nevezetess\u00e9gk\u00e9nt \u00e1ll. Mo\u0161\u0107eni\u010dka Draga f\u0151 vonzereje a leny\u0171g\u00f6z\u0151 kavicsos strand, amelyet az Adria egyik legszebb partvid\u00e9k\u00e9nek tartanak. A l\u00e1togat\u00f3k \u00e9lvezhetik a naps\u00fct\u00f6tte napokat a tengerparton, v\u00edzi tev\u00e9kenys\u00e9geket folytathatnak, vagy felfedezhetik a Kvarner-\u00f6b\u00f6lre panor\u00e1m\u00e1s kil\u00e1t\u00e1st ny\u00fajt\u00f3 tengerparti \u00f6sv\u00e9nyeket. A v\u00e1ros tengerparti s\u00e9t\u00e1ny\u00e1n h\u00edvogat\u00f3 k\u00e1v\u00e9z\u00f3k \u00e9s tengeri \u00e9ttermek sorakoznak, ahol a l\u00e1togat\u00f3k megk\u00f3stolhatj\u00e1k a helyi finoms\u00e1gokat, \u00e9s elmer\u00fclhetnek a nyugodt mediterr\u00e1n hangulatban. Mo\u0161\u0107eni\u010dka Draga leny\u0171g\u00f6z\u0151 t\u00e1j\u00e1val \u00e9s autentikus b\u00e1j\u00e1val megh\u00edvja a lakosokat \u00e9s a l\u00e1togat\u00f3kat, hogy megtapasztalj\u00e1k az isztriai r\u00e9gi\u00f3 idilli tengerparti \u00e9letst\u00edlus\u00e1t.\" \/>\n<meta property=\"og:url\" content=\"https:\/\/theone.hr\/hu\/city\/moscenicka-draga-hu\/\" \/>\n<meta property=\"og:site_name\" content=\"THE ONE Real Estate\" \/>\n<meta name=\"twitter:card\" content=\"summary_large_image\" \/>\n<script type=\"application\/ld+json\" class=\"yoast-schema-graph\">{\"@context\":\"https:\\\/\\\/schema.org\",\"@graph\":[{\"@type\":\"CollectionPage\",\"@id\":\"https:\\\/\\\/theone.hr\\\/hu\\\/city\\\/moscenicka-draga-hu\\\/\",\"url\":\"https:\\\/\\\/theone.hr\\\/hu\\\/city\\\/moscenicka-draga-hu\\\/\",\"name\":\"Moscenicka Draga - THE ONE Real Estate\",\"isPartOf\":{\"@id\":\"https:\\\/\\\/theone.hr\\\/hu\\\/#website\"},\"description\":\"A horv\u00e1torsz\u00e1gi Isztriai-f\u00e9lszigeten fekv\u0151 Mo\u0161\u0107eni\u010dka Draga fest\u0151i sz\u00e9ps\u00e9g\u00e9r\u0151l \u00e9s t\u00f6rt\u00e9nelmi b\u00e1j\u00e1r\u00f3l h\u00edres tengerparti v\u00e1roska. A buja z\u00f6ld dombok \u00e9s az Adriai-tenger krist\u00e1lytiszta vize \u00e1ltal keretezett v\u00e1ros a term\u00e9szeti nyugalom \u00e9s a kultur\u00e1lis gazdags\u00e1g kellemes kever\u00e9k\u00e9t k\u00edn\u00e1lja. Mo\u0161\u0107eni\u010dka Draga t\u00f6rt\u00e9nelmi v\u00e1rosmagja sz\u0171k macskak\u00f6ves utc\u00e1kkal, sz\u00ednes homlokzatokkal \u00e9s hangulatos terekkel rendelkezik, id\u0151tlen hangulatot teremtve. A Szent Andr\u00e1s-templom \u00e9s a 14. sz\u00e1zadi torony a v\u00e1ros kultur\u00e1lis \u00f6r\u00f6ks\u00e9g\u00e9t bemutat\u00f3 nevezetess\u00e9gk\u00e9nt \u00e1ll. Mo\u0161\u0107eni\u010dka Draga f\u0151 vonzereje a leny\u0171g\u00f6z\u0151 kavicsos strand, amelyet az Adria egyik legszebb partvid\u00e9k\u00e9nek tartanak. A l\u00e1togat\u00f3k \u00e9lvezhetik a naps\u00fct\u00f6tte napokat a tengerparton, v\u00edzi tev\u00e9kenys\u00e9geket folytathatnak, vagy felfedezhetik a Kvarner-\u00f6b\u00f6lre panor\u00e1m\u00e1s kil\u00e1t\u00e1st ny\u00fajt\u00f3 tengerparti \u00f6sv\u00e9nyeket. A v\u00e1ros tengerparti s\u00e9t\u00e1ny\u00e1n h\u00edvogat\u00f3 k\u00e1v\u00e9z\u00f3k \u00e9s tengeri \u00e9ttermek sorakoznak, ahol a l\u00e1togat\u00f3k megk\u00f3stolhatj\u00e1k a helyi finoms\u00e1gokat, \u00e9s elmer\u00fclhetnek a nyugodt mediterr\u00e1n hangulatban. Mo\u0161\u0107eni\u010dka Draga leny\u0171g\u00f6z\u0151 t\u00e1j\u00e1val \u00e9s autentikus b\u00e1j\u00e1val megh\u00edvja a lakosokat \u00e9s a l\u00e1togat\u00f3kat, hogy megtapasztalj\u00e1k az isztriai r\u00e9gi\u00f3 idilli tengerparti \u00e9letst\u00edlus\u00e1t.\",\"breadcrumb\":{\"@id\":\"https:\\\/\\\/theone.hr\\\/hu\\\/city\\\/moscenicka-draga-hu\\\/#breadcrumb\"},\"inLanguage\":\"hu\"},{\"@type\":\"BreadcrumbList\",\"@id\":\"https:\\\/\\\/theone.hr\\\/hu\\\/city\\\/moscenicka-draga-hu\\\/#breadcrumb\",\"itemListElement\":[{\"@type\":\"ListItem\",\"position\":1,\"name\":\"Home\",\"item\":\"https:\\\/\\\/theone.hr\\\/hu\\\/\"},{\"@type\":\"ListItem\",\"position\":2,\"name\":\"Moscenicka Draga\"}]},{\"@type\":\"WebSite\",\"@id\":\"https:\\\/\\\/theone.hr\\\/hu\\\/#website\",\"url\":\"https:\\\/\\\/theone.hr\\\/hu\\\/\",\"name\":\"THE ONE Real Estate\",\"description\":\"Luxury boutique real estate brokerage\",\"publisher\":{\"@id\":\"https:\\\/\\\/theone.hr\\\/hu\\\/#organization\"},\"potentialAction\":[{\"@type\":\"SearchAction\",\"target\":{\"@type\":\"EntryPoint\",\"urlTemplate\":\"https:\\\/\\\/theone.hr\\\/hu\\\/?s={search_term_string}\"},\"query-input\":{\"@type\":\"PropertyValueSpecification\",\"valueRequired\":true,\"valueName\":\"search_term_string\"}}],\"inLanguage\":\"hu\"},{\"@type\":\"Organization\",\"@id\":\"https:\\\/\\\/theone.hr\\\/hu\\\/#organization\",\"name\":\"THE ONE Real Estate\",\"url\":\"https:\\\/\\\/theone.hr\\\/hu\\\/\",\"logo\":{\"@type\":\"ImageObject\",\"inLanguage\":\"hu\",\"@id\":\"https:\\\/\\\/theone.hr\\\/hu\\\/#\\\/schema\\\/logo\\\/image\\\/\",\"url\":\"https:\\\/\\\/theone.hr\\\/wp-content\\\/uploads\\\/2022\\\/02\\\/The-One-Real-Estate-Logo-Black.jpg\",\"contentUrl\":\"https:\\\/\\\/theone.hr\\\/wp-content\\\/uploads\\\/2022\\\/02\\\/The-One-Real-Estate-Logo-Black.jpg\",\"width\":750,\"height\":750,\"caption\":\"THE ONE Real Estate\"},\"image\":{\"@id\":\"https:\\\/\\\/theone.hr\\\/hu\\\/#\\\/schema\\\/logo\\\/image\\\/\"},\"sameAs\":[\"https:\\\/\\\/www.facebook.com\\\/theonerealestatecroatia\\\/\",\"https:\\\/\\\/www.instagram.com\\\/theonecroatia\\\/\"]}]}<\/script>\n<!-- \/ Yoast SEO plugin. -->","yoast_head_json":{"title":"Moscenicka Draga - THE ONE Real Estate","description":"A horv\u00e1torsz\u00e1gi Isztriai-f\u00e9lszigeten fekv\u0151 Mo\u0161\u0107eni\u010dka Draga fest\u0151i sz\u00e9ps\u00e9g\u00e9r\u0151l \u00e9s t\u00f6rt\u00e9nelmi b\u00e1j\u00e1r\u00f3l h\u00edres tengerparti v\u00e1roska. A buja z\u00f6ld dombok \u00e9s az Adriai-tenger krist\u00e1lytiszta vize \u00e1ltal keretezett v\u00e1ros a term\u00e9szeti nyugalom \u00e9s a kultur\u00e1lis gazdags\u00e1g kellemes kever\u00e9k\u00e9t k\u00edn\u00e1lja. Mo\u0161\u0107eni\u010dka Draga t\u00f6rt\u00e9nelmi v\u00e1rosmagja sz\u0171k macskak\u00f6ves utc\u00e1kkal, sz\u00ednes homlokzatokkal \u00e9s hangulatos terekkel rendelkezik, id\u0151tlen hangulatot teremtve. A Szent Andr\u00e1s-templom \u00e9s a 14. sz\u00e1zadi torony a v\u00e1ros kultur\u00e1lis \u00f6r\u00f6ks\u00e9g\u00e9t bemutat\u00f3 nevezetess\u00e9gk\u00e9nt \u00e1ll. Mo\u0161\u0107eni\u010dka Draga f\u0151 vonzereje a leny\u0171g\u00f6z\u0151 kavicsos strand, amelyet az Adria egyik legszebb partvid\u00e9k\u00e9nek tartanak. A l\u00e1togat\u00f3k \u00e9lvezhetik a naps\u00fct\u00f6tte napokat a tengerparton, v\u00edzi tev\u00e9kenys\u00e9geket folytathatnak, vagy felfedezhetik a Kvarner-\u00f6b\u00f6lre panor\u00e1m\u00e1s kil\u00e1t\u00e1st ny\u00fajt\u00f3 tengerparti \u00f6sv\u00e9nyeket. A v\u00e1ros tengerparti s\u00e9t\u00e1ny\u00e1n h\u00edvogat\u00f3 k\u00e1v\u00e9z\u00f3k \u00e9s tengeri \u00e9ttermek sorakoznak, ahol a l\u00e1togat\u00f3k megk\u00f3stolhatj\u00e1k a helyi finoms\u00e1gokat, \u00e9s elmer\u00fclhetnek a nyugodt mediterr\u00e1n hangulatban. Mo\u0161\u0107eni\u010dka Draga leny\u0171g\u00f6z\u0151 t\u00e1j\u00e1val \u00e9s autentikus b\u00e1j\u00e1val megh\u00edvja a lakosokat \u00e9s a l\u00e1togat\u00f3kat, hogy megtapasztalj\u00e1k az isztriai r\u00e9gi\u00f3 idilli tengerparti \u00e9letst\u00edlus\u00e1t.","robots":{"index":"index","follow":"follow","max-snippet":"max-snippet:-1","max-image-preview":"max-image-preview:large","max-video-preview":"max-video-preview:-1"},"canonical":"https:\/\/theone.hr\/hu\/city\/moscenicka-draga-hu\/","og_locale":"hu_HU","og_type":"article","og_title":"Moscenicka Draga - THE ONE Real Estate","og_description":"A horv\u00e1torsz\u00e1gi Isztriai-f\u00e9lszigeten fekv\u0151 Mo\u0161\u0107eni\u010dka Draga fest\u0151i sz\u00e9ps\u00e9g\u00e9r\u0151l \u00e9s t\u00f6rt\u00e9nelmi b\u00e1j\u00e1r\u00f3l h\u00edres tengerparti v\u00e1roska. A buja z\u00f6ld dombok \u00e9s az Adriai-tenger krist\u00e1lytiszta vize \u00e1ltal keretezett v\u00e1ros a term\u00e9szeti nyugalom \u00e9s a kultur\u00e1lis gazdags\u00e1g kellemes kever\u00e9k\u00e9t k\u00edn\u00e1lja. Mo\u0161\u0107eni\u010dka Draga t\u00f6rt\u00e9nelmi v\u00e1rosmagja sz\u0171k macskak\u00f6ves utc\u00e1kkal, sz\u00ednes homlokzatokkal \u00e9s hangulatos terekkel rendelkezik, id\u0151tlen hangulatot teremtve. A Szent Andr\u00e1s-templom \u00e9s a 14. sz\u00e1zadi torony a v\u00e1ros kultur\u00e1lis \u00f6r\u00f6ks\u00e9g\u00e9t bemutat\u00f3 nevezetess\u00e9gk\u00e9nt \u00e1ll. Mo\u0161\u0107eni\u010dka Draga f\u0151 vonzereje a leny\u0171g\u00f6z\u0151 kavicsos strand, amelyet az Adria egyik legszebb partvid\u00e9k\u00e9nek tartanak. A l\u00e1togat\u00f3k \u00e9lvezhetik a naps\u00fct\u00f6tte napokat a tengerparton, v\u00edzi tev\u00e9kenys\u00e9geket folytathatnak, vagy felfedezhetik a Kvarner-\u00f6b\u00f6lre panor\u00e1m\u00e1s kil\u00e1t\u00e1st ny\u00fajt\u00f3 tengerparti \u00f6sv\u00e9nyeket. A v\u00e1ros tengerparti s\u00e9t\u00e1ny\u00e1n h\u00edvogat\u00f3 k\u00e1v\u00e9z\u00f3k \u00e9s tengeri \u00e9ttermek sorakoznak, ahol a l\u00e1togat\u00f3k megk\u00f3stolhatj\u00e1k a helyi finoms\u00e1gokat, \u00e9s elmer\u00fclhetnek a nyugodt mediterr\u00e1n hangulatban. Mo\u0161\u0107eni\u010dka Draga leny\u0171g\u00f6z\u0151 t\u00e1j\u00e1val \u00e9s autentikus b\u00e1j\u00e1val megh\u00edvja a lakosokat \u00e9s a l\u00e1togat\u00f3kat, hogy megtapasztalj\u00e1k az isztriai r\u00e9gi\u00f3 idilli tengerparti \u00e9letst\u00edlus\u00e1t.","og_url":"https:\/\/theone.hr\/hu\/city\/moscenicka-draga-hu\/","og_site_name":"THE ONE Real Estate","twitter_card":"summary_large_image","schema":{"@context":"https:\/\/schema.org","@graph":[{"@type":"CollectionPage","@id":"https:\/\/theone.hr\/hu\/city\/moscenicka-draga-hu\/","url":"https:\/\/theone.hr\/hu\/city\/moscenicka-draga-hu\/","name":"Moscenicka Draga - THE ONE Real Estate","isPartOf":{"@id":"https:\/\/theone.hr\/hu\/#website"},"description":"A horv\u00e1torsz\u00e1gi Isztriai-f\u00e9lszigeten fekv\u0151 Mo\u0161\u0107eni\u010dka Draga fest\u0151i sz\u00e9ps\u00e9g\u00e9r\u0151l \u00e9s t\u00f6rt\u00e9nelmi b\u00e1j\u00e1r\u00f3l h\u00edres tengerparti v\u00e1roska. A buja z\u00f6ld dombok \u00e9s az Adriai-tenger krist\u00e1lytiszta vize \u00e1ltal keretezett v\u00e1ros a term\u00e9szeti nyugalom \u00e9s a kultur\u00e1lis gazdags\u00e1g kellemes kever\u00e9k\u00e9t k\u00edn\u00e1lja. Mo\u0161\u0107eni\u010dka Draga t\u00f6rt\u00e9nelmi v\u00e1rosmagja sz\u0171k macskak\u00f6ves utc\u00e1kkal, sz\u00ednes homlokzatokkal \u00e9s hangulatos terekkel rendelkezik, id\u0151tlen hangulatot teremtve. A Szent Andr\u00e1s-templom \u00e9s a 14. sz\u00e1zadi torony a v\u00e1ros kultur\u00e1lis \u00f6r\u00f6ks\u00e9g\u00e9t bemutat\u00f3 nevezetess\u00e9gk\u00e9nt \u00e1ll. Mo\u0161\u0107eni\u010dka Draga f\u0151 vonzereje a leny\u0171g\u00f6z\u0151 kavicsos strand, amelyet az Adria egyik legszebb partvid\u00e9k\u00e9nek tartanak. A l\u00e1togat\u00f3k \u00e9lvezhetik a naps\u00fct\u00f6tte napokat a tengerparton, v\u00edzi tev\u00e9kenys\u00e9geket folytathatnak, vagy felfedezhetik a Kvarner-\u00f6b\u00f6lre panor\u00e1m\u00e1s kil\u00e1t\u00e1st ny\u00fajt\u00f3 tengerparti \u00f6sv\u00e9nyeket. A v\u00e1ros tengerparti s\u00e9t\u00e1ny\u00e1n h\u00edvogat\u00f3 k\u00e1v\u00e9z\u00f3k \u00e9s tengeri \u00e9ttermek sorakoznak, ahol a l\u00e1togat\u00f3k megk\u00f3stolhatj\u00e1k a helyi finoms\u00e1gokat, \u00e9s elmer\u00fclhetnek a nyugodt mediterr\u00e1n hangulatban. Mo\u0161\u0107eni\u010dka Draga leny\u0171g\u00f6z\u0151 t\u00e1j\u00e1val \u00e9s autentikus b\u00e1j\u00e1val megh\u00edvja a lakosokat \u00e9s a l\u00e1togat\u00f3kat, hogy megtapasztalj\u00e1k az isztriai r\u00e9gi\u00f3 idilli tengerparti \u00e9letst\u00edlus\u00e1t.","breadcrumb":{"@id":"https:\/\/theone.hr\/hu\/city\/moscenicka-draga-hu\/#breadcrumb"},"inLanguage":"hu"},{"@type":"BreadcrumbList","@id":"https:\/\/theone.hr\/hu\/city\/moscenicka-draga-hu\/#breadcrumb","itemListElement":[{"@type":"ListItem","position":1,"name":"Home","item":"https:\/\/theone.hr\/hu\/"},{"@type":"ListItem","position":2,"name":"Moscenicka Draga"}]},{"@type":"WebSite","@id":"https:\/\/theone.hr\/hu\/#website","url":"https:\/\/theone.hr\/hu\/","name":"THE ONE Real Estate","description":"Luxury boutique real estate brokerage","publisher":{"@id":"https:\/\/theone.hr\/hu\/#organization"},"potentialAction":[{"@type":"SearchAction","target":{"@type":"EntryPoint","urlTemplate":"https:\/\/theone.hr\/hu\/?s={search_term_string}"},"query-input":{"@type":"PropertyValueSpecification","valueRequired":true,"valueName":"search_term_string"}}],"inLanguage":"hu"},{"@type":"Organization","@id":"https:\/\/theone.hr\/hu\/#organization","name":"THE ONE Real Estate","url":"https:\/\/theone.hr\/hu\/","logo":{"@type":"ImageObject","inLanguage":"hu","@id":"https:\/\/theone.hr\/hu\/#\/schema\/logo\/image\/","url":"https:\/\/theone.hr\/wp-content\/uploads\/2022\/02\/The-One-Real-Estate-Logo-Black.jpg","contentUrl":"https:\/\/theone.hr\/wp-content\/uploads\/2022\/02\/The-One-Real-Estate-Logo-Black.jpg","width":750,"height":750,"caption":"THE ONE Real Estate"},"image":{"@id":"https:\/\/theone.hr\/hu\/#\/schema\/logo\/image\/"},"sameAs":["https:\/\/www.facebook.com\/theonerealestatecroatia\/","https:\/\/www.instagram.com\/theonecroatia\/"]}]}},"_links":{"self":[{"href":"https:\/\/theone.hr\/hu\/wp-json\/wp\/v2\/property_city\/1484","targetHints":{"allow":["GET"]}}],"collection":[{"href":"https:\/\/theone.hr\/hu\/wp-json\/wp\/v2\/property_city"}],"about":[{"href":"https:\/\/theone.hr\/hu\/wp-json\/wp\/v2\/taxonomies\/property_city"}],"wp:post_type":[{"href":"https:\/\/theone.hr\/hu\/wp-json\/wp\/v2\/tulajdons\u00e1gait?property_city=1484"}],"curies":[{"name":"wp","href":"https:\/\/api.w.org\/{rel}","templated":true}]}}