{"id":1495,"count":3,"description":"Labin, az isztriai t\u00f6rt\u00e9nelmi v\u00e1ros a k\u00f6z\u00e9pkori b\u00e1j \u00e9s a m\u0171v\u00e9szeti \u00f6r\u00f6ks\u00e9g esszenci\u00e1j\u00e1t id\u00e9zi. Az Adriai-tengerre n\u00e9z\u0151 dombon fekv\u0151 Labin macskak\u00f6ves utc\u00e1in j\u00f3l meg\u0151rz\u00f6tt \u00e9p\u00edt\u00e9szeti eml\u00e9kek kanyarognak, amelyek olyan nevezetess\u00e9gekhez vezetnek, mint a Loggia, a Szent Fl\u00f3ri\u00e1n-templom \u00e9s az impoz\u00e1ns Fortica er\u0151d. Labinban vir\u00e1gzik a m\u0171v\u00e9szeti \u00e9let, sz\u00e1mos gal\u00e9ria \u00e9s m\u0171terem mutatja be a helyi \u00e9s nemzetk\u00f6zi tehets\u00e9geket. A v\u00e1ros gazdag t\u00f6rt\u00e9nelm\u00e9t a k\u00f6z\u00e9pkori Kru\u017ei\u0107-Orli\u0107-palot\u00e1ban tal\u00e1lhat\u00f3 Nemzeti M\u00fazeum mutatja be. Labin panor\u00e1m\u00e1ja a b\u00e1jos \u00f3v\u00e1rost\u00f3l a k\u00f6rnyez\u0151 t\u00e1jakra is kiterjed, a tengerpart sz\u00e9ps\u00e9g\u00e9t a buja isztriai belf\u00f6lddel \u00f6tv\u00f6zve. A v\u00e1ros pezsg\u0151 kultur\u00e1lis sz\u00edntere a rendezv\u00e9nyek \u00e9s fesztiv\u00e1lok alkalm\u00e1val elevenedik meg, \u00e9l\u00e9nk hangulatot teremtve a lakosok \u00e9s a l\u00e1togat\u00f3k sz\u00e1m\u00e1ra egyar\u00e1nt. A t\u00f6rt\u00e9nelmet, a m\u0171v\u00e9szetet \u00e9s a fest\u0151i kil\u00e1t\u00e1st z\u00f6kken\u0151mentesen \u00f6tv\u00f6z\u0151 Labin kultur\u00e1lis kincseinek felfedez\u00e9s\u00e9re \u00e9s a k\u00f6z\u00e9pkori \u00f6r\u00f6ks\u00e9g \u00e9s a kort\u00e1rs kreativit\u00e1s harmonikus egy\u00fctt\u00e9l\u00e9s\u00e9nek megbecs\u00fcl\u00e9s\u00e9re invit\u00e1l. \n\n \n\n \n\n","link":"https:\/\/theone.hr\/hu\/city\/labin-hu\/","name":"Labin","slug":"labin-hu","taxonomy":"property_city","parent":0,"meta":[],"yoast_head":"<!-- This site is optimized with the Yoast SEO plugin v27.4 - https:\/\/yoast.com\/product\/yoast-seo-wordpress\/ -->\n<title>Labin - THE ONE Real Estate<\/title>\n<meta name=\"description\" content=\"Labin, az isztriai t\u00f6rt\u00e9nelmi v\u00e1ros a k\u00f6z\u00e9pkori b\u00e1j \u00e9s a m\u0171v\u00e9szeti \u00f6r\u00f6ks\u00e9g esszenci\u00e1j\u00e1t id\u00e9zi. Az Adriai-tengerre n\u00e9z\u0151 dombon fekv\u0151 Labin macskak\u00f6ves utc\u00e1in j\u00f3l meg\u0151rz\u00f6tt \u00e9p\u00edt\u00e9szeti eml\u00e9kek kanyarognak, amelyek olyan nevezetess\u00e9gekhez vezetnek, mint a Loggia, a Szent Fl\u00f3ri\u00e1n-templom \u00e9s az impoz\u00e1ns Fortica er\u0151d. Labinban vir\u00e1gzik a m\u0171v\u00e9szeti \u00e9let, sz\u00e1mos gal\u00e9ria \u00e9s m\u0171terem mutatja be a helyi \u00e9s nemzetk\u00f6zi tehets\u00e9geket. A v\u00e1ros gazdag t\u00f6rt\u00e9nelm\u00e9t a k\u00f6z\u00e9pkori Kru\u017ei\u0107-Orli\u0107-palot\u00e1ban tal\u00e1lhat\u00f3 Nemzeti M\u00fazeum mutatja be. Labin panor\u00e1m\u00e1ja a b\u00e1jos \u00f3v\u00e1rost\u00f3l a k\u00f6rnyez\u0151 t\u00e1jakra is kiterjed, a tengerpart sz\u00e9ps\u00e9g\u00e9t a buja isztriai belf\u00f6lddel \u00f6tv\u00f6zve. A v\u00e1ros pezsg\u0151 kultur\u00e1lis sz\u00edntere a rendezv\u00e9nyek \u00e9s fesztiv\u00e1lok alkalm\u00e1val elevenedik meg, \u00e9l\u00e9nk hangulatot teremtve a lakosok \u00e9s a l\u00e1togat\u00f3k sz\u00e1m\u00e1ra egyar\u00e1nt. A t\u00f6rt\u00e9nelmet, a m\u0171v\u00e9szetet \u00e9s a fest\u0151i kil\u00e1t\u00e1st z\u00f6kken\u0151mentesen \u00f6tv\u00f6z\u0151 Labin kultur\u00e1lis kincseinek felfedez\u00e9s\u00e9re \u00e9s a k\u00f6z\u00e9pkori \u00f6r\u00f6ks\u00e9g \u00e9s a kort\u00e1rs kreativit\u00e1s harmonikus egy\u00fctt\u00e9l\u00e9s\u00e9nek megbecs\u00fcl\u00e9s\u00e9re invit\u00e1l.\" \/>\n<meta name=\"robots\" content=\"index, follow, max-snippet:-1, max-image-preview:large, max-video-preview:-1\" \/>\n<link rel=\"canonical\" href=\"https:\/\/theone.hr\/hu\/city\/labin-hu\/\" \/>\n<meta property=\"og:locale\" content=\"hu_HU\" \/>\n<meta property=\"og:type\" content=\"article\" \/>\n<meta property=\"og:title\" content=\"Labin - THE ONE Real Estate\" \/>\n<meta property=\"og:description\" content=\"Labin, az isztriai t\u00f6rt\u00e9nelmi v\u00e1ros a k\u00f6z\u00e9pkori b\u00e1j \u00e9s a m\u0171v\u00e9szeti \u00f6r\u00f6ks\u00e9g esszenci\u00e1j\u00e1t id\u00e9zi. Az Adriai-tengerre n\u00e9z\u0151 dombon fekv\u0151 Labin macskak\u00f6ves utc\u00e1in j\u00f3l meg\u0151rz\u00f6tt \u00e9p\u00edt\u00e9szeti eml\u00e9kek kanyarognak, amelyek olyan nevezetess\u00e9gekhez vezetnek, mint a Loggia, a Szent Fl\u00f3ri\u00e1n-templom \u00e9s az impoz\u00e1ns Fortica er\u0151d. Labinban vir\u00e1gzik a m\u0171v\u00e9szeti \u00e9let, sz\u00e1mos gal\u00e9ria \u00e9s m\u0171terem mutatja be a helyi \u00e9s nemzetk\u00f6zi tehets\u00e9geket. A v\u00e1ros gazdag t\u00f6rt\u00e9nelm\u00e9t a k\u00f6z\u00e9pkori Kru\u017ei\u0107-Orli\u0107-palot\u00e1ban tal\u00e1lhat\u00f3 Nemzeti M\u00fazeum mutatja be. Labin panor\u00e1m\u00e1ja a b\u00e1jos \u00f3v\u00e1rost\u00f3l a k\u00f6rnyez\u0151 t\u00e1jakra is kiterjed, a tengerpart sz\u00e9ps\u00e9g\u00e9t a buja isztriai belf\u00f6lddel \u00f6tv\u00f6zve. A v\u00e1ros pezsg\u0151 kultur\u00e1lis sz\u00edntere a rendezv\u00e9nyek \u00e9s fesztiv\u00e1lok alkalm\u00e1val elevenedik meg, \u00e9l\u00e9nk hangulatot teremtve a lakosok \u00e9s a l\u00e1togat\u00f3k sz\u00e1m\u00e1ra egyar\u00e1nt. A t\u00f6rt\u00e9nelmet, a m\u0171v\u00e9szetet \u00e9s a fest\u0151i kil\u00e1t\u00e1st z\u00f6kken\u0151mentesen \u00f6tv\u00f6z\u0151 Labin kultur\u00e1lis kincseinek felfedez\u00e9s\u00e9re \u00e9s a k\u00f6z\u00e9pkori \u00f6r\u00f6ks\u00e9g \u00e9s a kort\u00e1rs kreativit\u00e1s harmonikus egy\u00fctt\u00e9l\u00e9s\u00e9nek megbecs\u00fcl\u00e9s\u00e9re invit\u00e1l.\" \/>\n<meta property=\"og:url\" content=\"https:\/\/theone.hr\/hu\/city\/labin-hu\/\" \/>\n<meta property=\"og:site_name\" content=\"THE ONE Real Estate\" \/>\n<meta name=\"twitter:card\" content=\"summary_large_image\" \/>\n<script type=\"application\/ld+json\" class=\"yoast-schema-graph\">{\"@context\":\"https:\\\/\\\/schema.org\",\"@graph\":[{\"@type\":\"CollectionPage\",\"@id\":\"https:\\\/\\\/theone.hr\\\/hu\\\/city\\\/labin-hu\\\/\",\"url\":\"https:\\\/\\\/theone.hr\\\/hu\\\/city\\\/labin-hu\\\/\",\"name\":\"Labin - THE ONE Real Estate\",\"isPartOf\":{\"@id\":\"https:\\\/\\\/theone.hr\\\/hu\\\/#website\"},\"description\":\"Labin, az isztriai t\u00f6rt\u00e9nelmi v\u00e1ros a k\u00f6z\u00e9pkori b\u00e1j \u00e9s a m\u0171v\u00e9szeti \u00f6r\u00f6ks\u00e9g esszenci\u00e1j\u00e1t id\u00e9zi. Az Adriai-tengerre n\u00e9z\u0151 dombon fekv\u0151 Labin macskak\u00f6ves utc\u00e1in j\u00f3l meg\u0151rz\u00f6tt \u00e9p\u00edt\u00e9szeti eml\u00e9kek kanyarognak, amelyek olyan nevezetess\u00e9gekhez vezetnek, mint a Loggia, a Szent Fl\u00f3ri\u00e1n-templom \u00e9s az impoz\u00e1ns Fortica er\u0151d. Labinban vir\u00e1gzik a m\u0171v\u00e9szeti \u00e9let, sz\u00e1mos gal\u00e9ria \u00e9s m\u0171terem mutatja be a helyi \u00e9s nemzetk\u00f6zi tehets\u00e9geket. A v\u00e1ros gazdag t\u00f6rt\u00e9nelm\u00e9t a k\u00f6z\u00e9pkori Kru\u017ei\u0107-Orli\u0107-palot\u00e1ban tal\u00e1lhat\u00f3 Nemzeti M\u00fazeum mutatja be. Labin panor\u00e1m\u00e1ja a b\u00e1jos \u00f3v\u00e1rost\u00f3l a k\u00f6rnyez\u0151 t\u00e1jakra is kiterjed, a tengerpart sz\u00e9ps\u00e9g\u00e9t a buja isztriai belf\u00f6lddel \u00f6tv\u00f6zve. A v\u00e1ros pezsg\u0151 kultur\u00e1lis sz\u00edntere a rendezv\u00e9nyek \u00e9s fesztiv\u00e1lok alkalm\u00e1val elevenedik meg, \u00e9l\u00e9nk hangulatot teremtve a lakosok \u00e9s a l\u00e1togat\u00f3k sz\u00e1m\u00e1ra egyar\u00e1nt. A t\u00f6rt\u00e9nelmet, a m\u0171v\u00e9szetet \u00e9s a fest\u0151i kil\u00e1t\u00e1st z\u00f6kken\u0151mentesen \u00f6tv\u00f6z\u0151 Labin kultur\u00e1lis kincseinek felfedez\u00e9s\u00e9re \u00e9s a k\u00f6z\u00e9pkori \u00f6r\u00f6ks\u00e9g \u00e9s a kort\u00e1rs kreativit\u00e1s harmonikus egy\u00fctt\u00e9l\u00e9s\u00e9nek megbecs\u00fcl\u00e9s\u00e9re invit\u00e1l.\",\"breadcrumb\":{\"@id\":\"https:\\\/\\\/theone.hr\\\/hu\\\/city\\\/labin-hu\\\/#breadcrumb\"},\"inLanguage\":\"hu\"},{\"@type\":\"BreadcrumbList\",\"@id\":\"https:\\\/\\\/theone.hr\\\/hu\\\/city\\\/labin-hu\\\/#breadcrumb\",\"itemListElement\":[{\"@type\":\"ListItem\",\"position\":1,\"name\":\"Home\",\"item\":\"https:\\\/\\\/theone.hr\\\/hu\\\/\"},{\"@type\":\"ListItem\",\"position\":2,\"name\":\"Labin\"}]},{\"@type\":\"WebSite\",\"@id\":\"https:\\\/\\\/theone.hr\\\/hu\\\/#website\",\"url\":\"https:\\\/\\\/theone.hr\\\/hu\\\/\",\"name\":\"THE ONE Real Estate\",\"description\":\"Luxury boutique real estate brokerage\",\"publisher\":{\"@id\":\"https:\\\/\\\/theone.hr\\\/hu\\\/#organization\"},\"potentialAction\":[{\"@type\":\"SearchAction\",\"target\":{\"@type\":\"EntryPoint\",\"urlTemplate\":\"https:\\\/\\\/theone.hr\\\/hu\\\/?s={search_term_string}\"},\"query-input\":{\"@type\":\"PropertyValueSpecification\",\"valueRequired\":true,\"valueName\":\"search_term_string\"}}],\"inLanguage\":\"hu\"},{\"@type\":\"Organization\",\"@id\":\"https:\\\/\\\/theone.hr\\\/hu\\\/#organization\",\"name\":\"THE ONE Real Estate\",\"url\":\"https:\\\/\\\/theone.hr\\\/hu\\\/\",\"logo\":{\"@type\":\"ImageObject\",\"inLanguage\":\"hu\",\"@id\":\"https:\\\/\\\/theone.hr\\\/hu\\\/#\\\/schema\\\/logo\\\/image\\\/\",\"url\":\"https:\\\/\\\/theone.hr\\\/wp-content\\\/uploads\\\/2022\\\/02\\\/The-One-Real-Estate-Logo-Black.jpg\",\"contentUrl\":\"https:\\\/\\\/theone.hr\\\/wp-content\\\/uploads\\\/2022\\\/02\\\/The-One-Real-Estate-Logo-Black.jpg\",\"width\":750,\"height\":750,\"caption\":\"THE ONE Real Estate\"},\"image\":{\"@id\":\"https:\\\/\\\/theone.hr\\\/hu\\\/#\\\/schema\\\/logo\\\/image\\\/\"},\"sameAs\":[\"https:\\\/\\\/www.facebook.com\\\/theonerealestatecroatia\\\/\",\"https:\\\/\\\/www.instagram.com\\\/theonecroatia\\\/\"]}]}<\/script>\n<!-- \/ Yoast SEO plugin. -->","yoast_head_json":{"title":"Labin - THE ONE Real Estate","description":"Labin, az isztriai t\u00f6rt\u00e9nelmi v\u00e1ros a k\u00f6z\u00e9pkori b\u00e1j \u00e9s a m\u0171v\u00e9szeti \u00f6r\u00f6ks\u00e9g esszenci\u00e1j\u00e1t id\u00e9zi. Az Adriai-tengerre n\u00e9z\u0151 dombon fekv\u0151 Labin macskak\u00f6ves utc\u00e1in j\u00f3l meg\u0151rz\u00f6tt \u00e9p\u00edt\u00e9szeti eml\u00e9kek kanyarognak, amelyek olyan nevezetess\u00e9gekhez vezetnek, mint a Loggia, a Szent Fl\u00f3ri\u00e1n-templom \u00e9s az impoz\u00e1ns Fortica er\u0151d. Labinban vir\u00e1gzik a m\u0171v\u00e9szeti \u00e9let, sz\u00e1mos gal\u00e9ria \u00e9s m\u0171terem mutatja be a helyi \u00e9s nemzetk\u00f6zi tehets\u00e9geket. A v\u00e1ros gazdag t\u00f6rt\u00e9nelm\u00e9t a k\u00f6z\u00e9pkori Kru\u017ei\u0107-Orli\u0107-palot\u00e1ban tal\u00e1lhat\u00f3 Nemzeti M\u00fazeum mutatja be. Labin panor\u00e1m\u00e1ja a b\u00e1jos \u00f3v\u00e1rost\u00f3l a k\u00f6rnyez\u0151 t\u00e1jakra is kiterjed, a tengerpart sz\u00e9ps\u00e9g\u00e9t a buja isztriai belf\u00f6lddel \u00f6tv\u00f6zve. A v\u00e1ros pezsg\u0151 kultur\u00e1lis sz\u00edntere a rendezv\u00e9nyek \u00e9s fesztiv\u00e1lok alkalm\u00e1val elevenedik meg, \u00e9l\u00e9nk hangulatot teremtve a lakosok \u00e9s a l\u00e1togat\u00f3k sz\u00e1m\u00e1ra egyar\u00e1nt. A t\u00f6rt\u00e9nelmet, a m\u0171v\u00e9szetet \u00e9s a fest\u0151i kil\u00e1t\u00e1st z\u00f6kken\u0151mentesen \u00f6tv\u00f6z\u0151 Labin kultur\u00e1lis kincseinek felfedez\u00e9s\u00e9re \u00e9s a k\u00f6z\u00e9pkori \u00f6r\u00f6ks\u00e9g \u00e9s a kort\u00e1rs kreativit\u00e1s harmonikus egy\u00fctt\u00e9l\u00e9s\u00e9nek megbecs\u00fcl\u00e9s\u00e9re invit\u00e1l.","robots":{"index":"index","follow":"follow","max-snippet":"max-snippet:-1","max-image-preview":"max-image-preview:large","max-video-preview":"max-video-preview:-1"},"canonical":"https:\/\/theone.hr\/hu\/city\/labin-hu\/","og_locale":"hu_HU","og_type":"article","og_title":"Labin - THE ONE Real Estate","og_description":"Labin, az isztriai t\u00f6rt\u00e9nelmi v\u00e1ros a k\u00f6z\u00e9pkori b\u00e1j \u00e9s a m\u0171v\u00e9szeti \u00f6r\u00f6ks\u00e9g esszenci\u00e1j\u00e1t id\u00e9zi. Az Adriai-tengerre n\u00e9z\u0151 dombon fekv\u0151 Labin macskak\u00f6ves utc\u00e1in j\u00f3l meg\u0151rz\u00f6tt \u00e9p\u00edt\u00e9szeti eml\u00e9kek kanyarognak, amelyek olyan nevezetess\u00e9gekhez vezetnek, mint a Loggia, a Szent Fl\u00f3ri\u00e1n-templom \u00e9s az impoz\u00e1ns Fortica er\u0151d. Labinban vir\u00e1gzik a m\u0171v\u00e9szeti \u00e9let, sz\u00e1mos gal\u00e9ria \u00e9s m\u0171terem mutatja be a helyi \u00e9s nemzetk\u00f6zi tehets\u00e9geket. A v\u00e1ros gazdag t\u00f6rt\u00e9nelm\u00e9t a k\u00f6z\u00e9pkori Kru\u017ei\u0107-Orli\u0107-palot\u00e1ban tal\u00e1lhat\u00f3 Nemzeti M\u00fazeum mutatja be. Labin panor\u00e1m\u00e1ja a b\u00e1jos \u00f3v\u00e1rost\u00f3l a k\u00f6rnyez\u0151 t\u00e1jakra is kiterjed, a tengerpart sz\u00e9ps\u00e9g\u00e9t a buja isztriai belf\u00f6lddel \u00f6tv\u00f6zve. A v\u00e1ros pezsg\u0151 kultur\u00e1lis sz\u00edntere a rendezv\u00e9nyek \u00e9s fesztiv\u00e1lok alkalm\u00e1val elevenedik meg, \u00e9l\u00e9nk hangulatot teremtve a lakosok \u00e9s a l\u00e1togat\u00f3k sz\u00e1m\u00e1ra egyar\u00e1nt. A t\u00f6rt\u00e9nelmet, a m\u0171v\u00e9szetet \u00e9s a fest\u0151i kil\u00e1t\u00e1st z\u00f6kken\u0151mentesen \u00f6tv\u00f6z\u0151 Labin kultur\u00e1lis kincseinek felfedez\u00e9s\u00e9re \u00e9s a k\u00f6z\u00e9pkori \u00f6r\u00f6ks\u00e9g \u00e9s a kort\u00e1rs kreativit\u00e1s harmonikus egy\u00fctt\u00e9l\u00e9s\u00e9nek megbecs\u00fcl\u00e9s\u00e9re invit\u00e1l.","og_url":"https:\/\/theone.hr\/hu\/city\/labin-hu\/","og_site_name":"THE ONE Real Estate","twitter_card":"summary_large_image","schema":{"@context":"https:\/\/schema.org","@graph":[{"@type":"CollectionPage","@id":"https:\/\/theone.hr\/hu\/city\/labin-hu\/","url":"https:\/\/theone.hr\/hu\/city\/labin-hu\/","name":"Labin - THE ONE Real Estate","isPartOf":{"@id":"https:\/\/theone.hr\/hu\/#website"},"description":"Labin, az isztriai t\u00f6rt\u00e9nelmi v\u00e1ros a k\u00f6z\u00e9pkori b\u00e1j \u00e9s a m\u0171v\u00e9szeti \u00f6r\u00f6ks\u00e9g esszenci\u00e1j\u00e1t id\u00e9zi. Az Adriai-tengerre n\u00e9z\u0151 dombon fekv\u0151 Labin macskak\u00f6ves utc\u00e1in j\u00f3l meg\u0151rz\u00f6tt \u00e9p\u00edt\u00e9szeti eml\u00e9kek kanyarognak, amelyek olyan nevezetess\u00e9gekhez vezetnek, mint a Loggia, a Szent Fl\u00f3ri\u00e1n-templom \u00e9s az impoz\u00e1ns Fortica er\u0151d. Labinban vir\u00e1gzik a m\u0171v\u00e9szeti \u00e9let, sz\u00e1mos gal\u00e9ria \u00e9s m\u0171terem mutatja be a helyi \u00e9s nemzetk\u00f6zi tehets\u00e9geket. A v\u00e1ros gazdag t\u00f6rt\u00e9nelm\u00e9t a k\u00f6z\u00e9pkori Kru\u017ei\u0107-Orli\u0107-palot\u00e1ban tal\u00e1lhat\u00f3 Nemzeti M\u00fazeum mutatja be. Labin panor\u00e1m\u00e1ja a b\u00e1jos \u00f3v\u00e1rost\u00f3l a k\u00f6rnyez\u0151 t\u00e1jakra is kiterjed, a tengerpart sz\u00e9ps\u00e9g\u00e9t a buja isztriai belf\u00f6lddel \u00f6tv\u00f6zve. A v\u00e1ros pezsg\u0151 kultur\u00e1lis sz\u00edntere a rendezv\u00e9nyek \u00e9s fesztiv\u00e1lok alkalm\u00e1val elevenedik meg, \u00e9l\u00e9nk hangulatot teremtve a lakosok \u00e9s a l\u00e1togat\u00f3k sz\u00e1m\u00e1ra egyar\u00e1nt. A t\u00f6rt\u00e9nelmet, a m\u0171v\u00e9szetet \u00e9s a fest\u0151i kil\u00e1t\u00e1st z\u00f6kken\u0151mentesen \u00f6tv\u00f6z\u0151 Labin kultur\u00e1lis kincseinek felfedez\u00e9s\u00e9re \u00e9s a k\u00f6z\u00e9pkori \u00f6r\u00f6ks\u00e9g \u00e9s a kort\u00e1rs kreativit\u00e1s harmonikus egy\u00fctt\u00e9l\u00e9s\u00e9nek megbecs\u00fcl\u00e9s\u00e9re invit\u00e1l.","breadcrumb":{"@id":"https:\/\/theone.hr\/hu\/city\/labin-hu\/#breadcrumb"},"inLanguage":"hu"},{"@type":"BreadcrumbList","@id":"https:\/\/theone.hr\/hu\/city\/labin-hu\/#breadcrumb","itemListElement":[{"@type":"ListItem","position":1,"name":"Home","item":"https:\/\/theone.hr\/hu\/"},{"@type":"ListItem","position":2,"name":"Labin"}]},{"@type":"WebSite","@id":"https:\/\/theone.hr\/hu\/#website","url":"https:\/\/theone.hr\/hu\/","name":"THE ONE Real Estate","description":"Luxury boutique real estate brokerage","publisher":{"@id":"https:\/\/theone.hr\/hu\/#organization"},"potentialAction":[{"@type":"SearchAction","target":{"@type":"EntryPoint","urlTemplate":"https:\/\/theone.hr\/hu\/?s={search_term_string}"},"query-input":{"@type":"PropertyValueSpecification","valueRequired":true,"valueName":"search_term_string"}}],"inLanguage":"hu"},{"@type":"Organization","@id":"https:\/\/theone.hr\/hu\/#organization","name":"THE ONE Real Estate","url":"https:\/\/theone.hr\/hu\/","logo":{"@type":"ImageObject","inLanguage":"hu","@id":"https:\/\/theone.hr\/hu\/#\/schema\/logo\/image\/","url":"https:\/\/theone.hr\/wp-content\/uploads\/2022\/02\/The-One-Real-Estate-Logo-Black.jpg","contentUrl":"https:\/\/theone.hr\/wp-content\/uploads\/2022\/02\/The-One-Real-Estate-Logo-Black.jpg","width":750,"height":750,"caption":"THE ONE Real Estate"},"image":{"@id":"https:\/\/theone.hr\/hu\/#\/schema\/logo\/image\/"},"sameAs":["https:\/\/www.facebook.com\/theonerealestatecroatia\/","https:\/\/www.instagram.com\/theonecroatia\/"]}]}},"_links":{"self":[{"href":"https:\/\/theone.hr\/hu\/wp-json\/wp\/v2\/property_city\/1495","targetHints":{"allow":["GET"]}}],"collection":[{"href":"https:\/\/theone.hr\/hu\/wp-json\/wp\/v2\/property_city"}],"about":[{"href":"https:\/\/theone.hr\/hu\/wp-json\/wp\/v2\/taxonomies\/property_city"}],"wp:post_type":[{"href":"https:\/\/theone.hr\/hu\/wp-json\/wp\/v2\/tulajdons\u00e1gait?property_city=1495"}],"curies":[{"name":"wp","href":"https:\/\/api.w.org\/{rel}","templated":true}]}}