{"id":1497,"count":1,"description":"\n\n\n\n\n\n\n\n\n\n\n\n\nBrse\u010d, a horv\u00e1torsz\u00e1gi Isztriai-f\u00e9lsziget keleti partj\u00e1n fekv\u0151 fest\u0151i v\u00e1roska k\u00f6z\u00e9pkori b\u00e1j\u00e1val \u00e9s l\u00e9legzetel\u00e1ll\u00edt\u00f3 tengerparti kil\u00e1t\u00e1s\u00e1val ny\u0171g\u00f6z le. Az Adriai-tengerre n\u00e9z\u0151 dombon fekv\u0151 Brse\u010d sz\u0171k k\u0151utc\u00e1kkal, t\u00f6rt\u00e9nelmi \u00e9p\u00edt\u00e9szettel \u00e9s a nyugalom \u00e9rz\u00e9s\u00e9vel b\u00fcszk\u00e9lkedhet, amely megh\u00edvja a l\u00e1togat\u00f3kat, hogy elmer\u00fcljenek a gazdag t\u00f6rt\u00e9nelm\u00e9ben. J\u00f3l meg\u0151rz\u00f6tt \u00f6r\u00f6ks\u00e9g\u00e9vel, leny\u0171g\u00f6z\u0151 k\u00f6rnyezet\u00e9vel \u00e9s meleg mediterr\u00e1n hangulat\u00e1val Brse\u010d egyed\u00fcl\u00e1ll\u00f3 \u00e9s idilli \u00e9lm\u00e9nyt k\u00edn\u00e1l azoknak, akik egy fest\u0151i \u00e9s fest\u0151i visszavonul\u00e1sra v\u00e1gynak.  \n\n\n\n\n\n\n\n\n\n\n\n\n\n\n\n\n\n","link":"https:\/\/theone.hr\/hu\/city\/brsec-hu\/","name":"Brsec","slug":"brsec-hu","taxonomy":"property_city","parent":0,"meta":[],"yoast_head":"<!-- This site is optimized with the Yoast SEO plugin v27.4 - https:\/\/yoast.com\/product\/yoast-seo-wordpress\/ -->\n<title>Brsec - THE ONE Real Estate<\/title>\n<meta name=\"description\" content=\"Brse\u010d, a horv\u00e1torsz\u00e1gi Isztriai-f\u00e9lsziget keleti partj\u00e1n fekv\u0151 fest\u0151i v\u00e1roska k\u00f6z\u00e9pkori b\u00e1j\u00e1val \u00e9s l\u00e9legzetel\u00e1ll\u00edt\u00f3 tengerparti kil\u00e1t\u00e1s\u00e1val ny\u0171g\u00f6z le. Az Adriai-tengerre n\u00e9z\u0151 dombon fekv\u0151 Brse\u010d sz\u0171k k\u0151utc\u00e1kkal, t\u00f6rt\u00e9nelmi \u00e9p\u00edt\u00e9szettel \u00e9s a nyugalom \u00e9rz\u00e9s\u00e9vel b\u00fcszk\u00e9lkedhet, amely megh\u00edvja a l\u00e1togat\u00f3kat, hogy elmer\u00fcljenek a gazdag t\u00f6rt\u00e9nelm\u00e9ben. J\u00f3l meg\u0151rz\u00f6tt \u00f6r\u00f6ks\u00e9g\u00e9vel, leny\u0171g\u00f6z\u0151 k\u00f6rnyezet\u00e9vel \u00e9s meleg mediterr\u00e1n hangulat\u00e1val Brse\u010d egyed\u00fcl\u00e1ll\u00f3 \u00e9s idilli \u00e9lm\u00e9nyt k\u00edn\u00e1l azoknak, akik egy fest\u0151i \u00e9s fest\u0151i visszavonul\u00e1sra v\u00e1gynak.\" \/>\n<meta name=\"robots\" content=\"index, follow, max-snippet:-1, max-image-preview:large, max-video-preview:-1\" \/>\n<link rel=\"canonical\" href=\"https:\/\/theone.hr\/hu\/city\/brsec-hu\/\" \/>\n<meta property=\"og:locale\" content=\"hu_HU\" \/>\n<meta property=\"og:type\" content=\"article\" \/>\n<meta property=\"og:title\" content=\"Brsec - THE ONE Real Estate\" \/>\n<meta property=\"og:description\" content=\"Brse\u010d, a horv\u00e1torsz\u00e1gi Isztriai-f\u00e9lsziget keleti partj\u00e1n fekv\u0151 fest\u0151i v\u00e1roska k\u00f6z\u00e9pkori b\u00e1j\u00e1val \u00e9s l\u00e9legzetel\u00e1ll\u00edt\u00f3 tengerparti kil\u00e1t\u00e1s\u00e1val ny\u0171g\u00f6z le. Az Adriai-tengerre n\u00e9z\u0151 dombon fekv\u0151 Brse\u010d sz\u0171k k\u0151utc\u00e1kkal, t\u00f6rt\u00e9nelmi \u00e9p\u00edt\u00e9szettel \u00e9s a nyugalom \u00e9rz\u00e9s\u00e9vel b\u00fcszk\u00e9lkedhet, amely megh\u00edvja a l\u00e1togat\u00f3kat, hogy elmer\u00fcljenek a gazdag t\u00f6rt\u00e9nelm\u00e9ben. J\u00f3l meg\u0151rz\u00f6tt \u00f6r\u00f6ks\u00e9g\u00e9vel, leny\u0171g\u00f6z\u0151 k\u00f6rnyezet\u00e9vel \u00e9s meleg mediterr\u00e1n hangulat\u00e1val Brse\u010d egyed\u00fcl\u00e1ll\u00f3 \u00e9s idilli \u00e9lm\u00e9nyt k\u00edn\u00e1l azoknak, akik egy fest\u0151i \u00e9s fest\u0151i visszavonul\u00e1sra v\u00e1gynak.\" \/>\n<meta property=\"og:url\" content=\"https:\/\/theone.hr\/hu\/city\/brsec-hu\/\" \/>\n<meta property=\"og:site_name\" content=\"THE ONE Real Estate\" \/>\n<meta name=\"twitter:card\" content=\"summary_large_image\" \/>\n<script type=\"application\/ld+json\" class=\"yoast-schema-graph\">{\"@context\":\"https:\\\/\\\/schema.org\",\"@graph\":[{\"@type\":\"CollectionPage\",\"@id\":\"https:\\\/\\\/theone.hr\\\/hu\\\/city\\\/brsec-hu\\\/\",\"url\":\"https:\\\/\\\/theone.hr\\\/hu\\\/city\\\/brsec-hu\\\/\",\"name\":\"Brsec - THE ONE Real Estate\",\"isPartOf\":{\"@id\":\"https:\\\/\\\/theone.hr\\\/hu\\\/#website\"},\"description\":\"Brse\u010d, a horv\u00e1torsz\u00e1gi Isztriai-f\u00e9lsziget keleti partj\u00e1n fekv\u0151 fest\u0151i v\u00e1roska k\u00f6z\u00e9pkori b\u00e1j\u00e1val \u00e9s l\u00e9legzetel\u00e1ll\u00edt\u00f3 tengerparti kil\u00e1t\u00e1s\u00e1val ny\u0171g\u00f6z le. Az Adriai-tengerre n\u00e9z\u0151 dombon fekv\u0151 Brse\u010d sz\u0171k k\u0151utc\u00e1kkal, t\u00f6rt\u00e9nelmi \u00e9p\u00edt\u00e9szettel \u00e9s a nyugalom \u00e9rz\u00e9s\u00e9vel b\u00fcszk\u00e9lkedhet, amely megh\u00edvja a l\u00e1togat\u00f3kat, hogy elmer\u00fcljenek a gazdag t\u00f6rt\u00e9nelm\u00e9ben. J\u00f3l meg\u0151rz\u00f6tt \u00f6r\u00f6ks\u00e9g\u00e9vel, leny\u0171g\u00f6z\u0151 k\u00f6rnyezet\u00e9vel \u00e9s meleg mediterr\u00e1n hangulat\u00e1val Brse\u010d egyed\u00fcl\u00e1ll\u00f3 \u00e9s idilli \u00e9lm\u00e9nyt k\u00edn\u00e1l azoknak, akik egy fest\u0151i \u00e9s fest\u0151i visszavonul\u00e1sra v\u00e1gynak.\",\"breadcrumb\":{\"@id\":\"https:\\\/\\\/theone.hr\\\/hu\\\/city\\\/brsec-hu\\\/#breadcrumb\"},\"inLanguage\":\"hu\"},{\"@type\":\"BreadcrumbList\",\"@id\":\"https:\\\/\\\/theone.hr\\\/hu\\\/city\\\/brsec-hu\\\/#breadcrumb\",\"itemListElement\":[{\"@type\":\"ListItem\",\"position\":1,\"name\":\"Home\",\"item\":\"https:\\\/\\\/theone.hr\\\/hu\\\/\"},{\"@type\":\"ListItem\",\"position\":2,\"name\":\"Brsec\"}]},{\"@type\":\"WebSite\",\"@id\":\"https:\\\/\\\/theone.hr\\\/hu\\\/#website\",\"url\":\"https:\\\/\\\/theone.hr\\\/hu\\\/\",\"name\":\"THE ONE Real Estate\",\"description\":\"Luxury boutique real estate brokerage\",\"publisher\":{\"@id\":\"https:\\\/\\\/theone.hr\\\/hu\\\/#organization\"},\"potentialAction\":[{\"@type\":\"SearchAction\",\"target\":{\"@type\":\"EntryPoint\",\"urlTemplate\":\"https:\\\/\\\/theone.hr\\\/hu\\\/?s={search_term_string}\"},\"query-input\":{\"@type\":\"PropertyValueSpecification\",\"valueRequired\":true,\"valueName\":\"search_term_string\"}}],\"inLanguage\":\"hu\"},{\"@type\":\"Organization\",\"@id\":\"https:\\\/\\\/theone.hr\\\/hu\\\/#organization\",\"name\":\"THE ONE Real Estate\",\"url\":\"https:\\\/\\\/theone.hr\\\/hu\\\/\",\"logo\":{\"@type\":\"ImageObject\",\"inLanguage\":\"hu\",\"@id\":\"https:\\\/\\\/theone.hr\\\/hu\\\/#\\\/schema\\\/logo\\\/image\\\/\",\"url\":\"https:\\\/\\\/theone.hr\\\/wp-content\\\/uploads\\\/2022\\\/02\\\/The-One-Real-Estate-Logo-Black.jpg\",\"contentUrl\":\"https:\\\/\\\/theone.hr\\\/wp-content\\\/uploads\\\/2022\\\/02\\\/The-One-Real-Estate-Logo-Black.jpg\",\"width\":750,\"height\":750,\"caption\":\"THE ONE Real Estate\"},\"image\":{\"@id\":\"https:\\\/\\\/theone.hr\\\/hu\\\/#\\\/schema\\\/logo\\\/image\\\/\"},\"sameAs\":[\"https:\\\/\\\/www.facebook.com\\\/theonerealestatecroatia\\\/\",\"https:\\\/\\\/www.instagram.com\\\/theonecroatia\\\/\"]}]}<\/script>\n<!-- \/ Yoast SEO plugin. -->","yoast_head_json":{"title":"Brsec - THE ONE Real Estate","description":"Brse\u010d, a horv\u00e1torsz\u00e1gi Isztriai-f\u00e9lsziget keleti partj\u00e1n fekv\u0151 fest\u0151i v\u00e1roska k\u00f6z\u00e9pkori b\u00e1j\u00e1val \u00e9s l\u00e9legzetel\u00e1ll\u00edt\u00f3 tengerparti kil\u00e1t\u00e1s\u00e1val ny\u0171g\u00f6z le. Az Adriai-tengerre n\u00e9z\u0151 dombon fekv\u0151 Brse\u010d sz\u0171k k\u0151utc\u00e1kkal, t\u00f6rt\u00e9nelmi \u00e9p\u00edt\u00e9szettel \u00e9s a nyugalom \u00e9rz\u00e9s\u00e9vel b\u00fcszk\u00e9lkedhet, amely megh\u00edvja a l\u00e1togat\u00f3kat, hogy elmer\u00fcljenek a gazdag t\u00f6rt\u00e9nelm\u00e9ben. J\u00f3l meg\u0151rz\u00f6tt \u00f6r\u00f6ks\u00e9g\u00e9vel, leny\u0171g\u00f6z\u0151 k\u00f6rnyezet\u00e9vel \u00e9s meleg mediterr\u00e1n hangulat\u00e1val Brse\u010d egyed\u00fcl\u00e1ll\u00f3 \u00e9s idilli \u00e9lm\u00e9nyt k\u00edn\u00e1l azoknak, akik egy fest\u0151i \u00e9s fest\u0151i visszavonul\u00e1sra v\u00e1gynak.","robots":{"index":"index","follow":"follow","max-snippet":"max-snippet:-1","max-image-preview":"max-image-preview:large","max-video-preview":"max-video-preview:-1"},"canonical":"https:\/\/theone.hr\/hu\/city\/brsec-hu\/","og_locale":"hu_HU","og_type":"article","og_title":"Brsec - THE ONE Real Estate","og_description":"Brse\u010d, a horv\u00e1torsz\u00e1gi Isztriai-f\u00e9lsziget keleti partj\u00e1n fekv\u0151 fest\u0151i v\u00e1roska k\u00f6z\u00e9pkori b\u00e1j\u00e1val \u00e9s l\u00e9legzetel\u00e1ll\u00edt\u00f3 tengerparti kil\u00e1t\u00e1s\u00e1val ny\u0171g\u00f6z le. Az Adriai-tengerre n\u00e9z\u0151 dombon fekv\u0151 Brse\u010d sz\u0171k k\u0151utc\u00e1kkal, t\u00f6rt\u00e9nelmi \u00e9p\u00edt\u00e9szettel \u00e9s a nyugalom \u00e9rz\u00e9s\u00e9vel b\u00fcszk\u00e9lkedhet, amely megh\u00edvja a l\u00e1togat\u00f3kat, hogy elmer\u00fcljenek a gazdag t\u00f6rt\u00e9nelm\u00e9ben. J\u00f3l meg\u0151rz\u00f6tt \u00f6r\u00f6ks\u00e9g\u00e9vel, leny\u0171g\u00f6z\u0151 k\u00f6rnyezet\u00e9vel \u00e9s meleg mediterr\u00e1n hangulat\u00e1val Brse\u010d egyed\u00fcl\u00e1ll\u00f3 \u00e9s idilli \u00e9lm\u00e9nyt k\u00edn\u00e1l azoknak, akik egy fest\u0151i \u00e9s fest\u0151i visszavonul\u00e1sra v\u00e1gynak.","og_url":"https:\/\/theone.hr\/hu\/city\/brsec-hu\/","og_site_name":"THE ONE Real Estate","twitter_card":"summary_large_image","schema":{"@context":"https:\/\/schema.org","@graph":[{"@type":"CollectionPage","@id":"https:\/\/theone.hr\/hu\/city\/brsec-hu\/","url":"https:\/\/theone.hr\/hu\/city\/brsec-hu\/","name":"Brsec - THE ONE Real Estate","isPartOf":{"@id":"https:\/\/theone.hr\/hu\/#website"},"description":"Brse\u010d, a horv\u00e1torsz\u00e1gi Isztriai-f\u00e9lsziget keleti partj\u00e1n fekv\u0151 fest\u0151i v\u00e1roska k\u00f6z\u00e9pkori b\u00e1j\u00e1val \u00e9s l\u00e9legzetel\u00e1ll\u00edt\u00f3 tengerparti kil\u00e1t\u00e1s\u00e1val ny\u0171g\u00f6z le. Az Adriai-tengerre n\u00e9z\u0151 dombon fekv\u0151 Brse\u010d sz\u0171k k\u0151utc\u00e1kkal, t\u00f6rt\u00e9nelmi \u00e9p\u00edt\u00e9szettel \u00e9s a nyugalom \u00e9rz\u00e9s\u00e9vel b\u00fcszk\u00e9lkedhet, amely megh\u00edvja a l\u00e1togat\u00f3kat, hogy elmer\u00fcljenek a gazdag t\u00f6rt\u00e9nelm\u00e9ben. J\u00f3l meg\u0151rz\u00f6tt \u00f6r\u00f6ks\u00e9g\u00e9vel, leny\u0171g\u00f6z\u0151 k\u00f6rnyezet\u00e9vel \u00e9s meleg mediterr\u00e1n hangulat\u00e1val Brse\u010d egyed\u00fcl\u00e1ll\u00f3 \u00e9s idilli \u00e9lm\u00e9nyt k\u00edn\u00e1l azoknak, akik egy fest\u0151i \u00e9s fest\u0151i visszavonul\u00e1sra v\u00e1gynak.","breadcrumb":{"@id":"https:\/\/theone.hr\/hu\/city\/brsec-hu\/#breadcrumb"},"inLanguage":"hu"},{"@type":"BreadcrumbList","@id":"https:\/\/theone.hr\/hu\/city\/brsec-hu\/#breadcrumb","itemListElement":[{"@type":"ListItem","position":1,"name":"Home","item":"https:\/\/theone.hr\/hu\/"},{"@type":"ListItem","position":2,"name":"Brsec"}]},{"@type":"WebSite","@id":"https:\/\/theone.hr\/hu\/#website","url":"https:\/\/theone.hr\/hu\/","name":"THE ONE Real Estate","description":"Luxury boutique real estate brokerage","publisher":{"@id":"https:\/\/theone.hr\/hu\/#organization"},"potentialAction":[{"@type":"SearchAction","target":{"@type":"EntryPoint","urlTemplate":"https:\/\/theone.hr\/hu\/?s={search_term_string}"},"query-input":{"@type":"PropertyValueSpecification","valueRequired":true,"valueName":"search_term_string"}}],"inLanguage":"hu"},{"@type":"Organization","@id":"https:\/\/theone.hr\/hu\/#organization","name":"THE ONE Real Estate","url":"https:\/\/theone.hr\/hu\/","logo":{"@type":"ImageObject","inLanguage":"hu","@id":"https:\/\/theone.hr\/hu\/#\/schema\/logo\/image\/","url":"https:\/\/theone.hr\/wp-content\/uploads\/2022\/02\/The-One-Real-Estate-Logo-Black.jpg","contentUrl":"https:\/\/theone.hr\/wp-content\/uploads\/2022\/02\/The-One-Real-Estate-Logo-Black.jpg","width":750,"height":750,"caption":"THE ONE Real Estate"},"image":{"@id":"https:\/\/theone.hr\/hu\/#\/schema\/logo\/image\/"},"sameAs":["https:\/\/www.facebook.com\/theonerealestatecroatia\/","https:\/\/www.instagram.com\/theonecroatia\/"]}]}},"_links":{"self":[{"href":"https:\/\/theone.hr\/hu\/wp-json\/wp\/v2\/property_city\/1497","targetHints":{"allow":["GET"]}}],"collection":[{"href":"https:\/\/theone.hr\/hu\/wp-json\/wp\/v2\/property_city"}],"about":[{"href":"https:\/\/theone.hr\/hu\/wp-json\/wp\/v2\/taxonomies\/property_city"}],"wp:post_type":[{"href":"https:\/\/theone.hr\/hu\/wp-json\/wp\/v2\/tulajdons\u00e1gait?property_city=1497"}],"curies":[{"name":"wp","href":"https:\/\/api.w.org\/{rel}","templated":true}]}}