{"id":1500,"count":2,"description":"Az Adriai-tenger \u00e9szaki r\u00e9sz\u00e9n fekv\u0151 Pag sziget egyed\u00fcl\u00e1ll\u00f3 \u00e9s mag\u00e1val ragad\u00f3 \u00fati c\u00e9l, amely vadreg\u00e9nyes t\u00e1jair\u00f3l, \u0151si s\u00f3skanzenjeir\u0151l \u00e9s \u00e9l\u00e9nk kultur\u00e1lis \u00e9let\u00e9r\u0151l ismert. A jellegzetes, holdszer\u0171 megjelen\u00e9s\u00e9r\u0151l h\u00edres Pag a szikl\u00e1s terep, az olajfaligetek \u00e9s az arom\u00e1s gy\u00f3gyn\u00f6v\u00e9nyek sz\u00fcrre\u00e1lis kever\u00e9k\u00e9t k\u00edn\u00e1lja. Pag v\u00e1rosa k\u00f6z\u00e9pkori \u00e9p\u00edt\u00e9szet\u00e9vel \u00e9s olyan t\u00f6rt\u00e9nelmi nevezetess\u00e9geivel, mint a Szent M\u00e1ria-templom \u00e9s a Hercegi Palota, t\u00fckr\u00f6zi a sziget gazdag t\u00f6rt\u00e9nelm\u00e9t. A helyi k\u00e9zm\u0171vesek \u00e1ltal k\u00e9sz\u00edtett bonyolult csipkever\u00e9kek, a Pag-csipke, tov\u00e1bb n\u00f6velik a sziget kultur\u00e1lis vonzerej\u00e9t. Pag tengerpartj\u00e1t \u00e9rintetlen strandok \u00e9s rejtett \u00f6bl\u00f6k d\u00edsz\u00edtik, amelyek a napoz\u00e1st\u00f3l a v\u00edzi sportokig sz\u00e1mos szabadid\u0151s tev\u00e9kenys\u00e9get k\u00edn\u00e1lnak. A sziget gasztron\u00f3mi\u00e1j\u00e1t a pag-i sajt, a b\u00e1r\u00e1nyh\u00fas \u00e9s a hagyom\u00e1nyos s\u00fctem\u00e9nyek teszik h\u00edress\u00e9, amelyeket a h\u00edres feh\u00e9rbor, a \u017dutica eg\u00e9sz\u00edt ki. A term\u00e9szeti sz\u00e9ps\u00e9get, a kultur\u00e1lis \u00f6r\u00f6ks\u00e9get \u00e9s a kulin\u00e1ris kiv\u00e1l\u00f3s\u00e1got z\u00f6kken\u0151mentesen \u00f6tv\u00f6z\u0151 \u00fati c\u00e9lk\u00e9nt Pag az Adria k\u00fcl\u00f6nleges \u00e9kk\u00f6v\u00e9nek sz\u00e1m\u00edt, \u00e9s arra invit\u00e1lja a l\u00e1togat\u00f3kat, hogy fedezz\u00e9k fel v\u00e1ltozatos t\u00e1jait \u00e9s tapasztalj\u00e1k meg a sziget egyed\u00fcl\u00e1ll\u00f3 \u00edzeit. \n\n \n\n \n\n","link":"https:\/\/theone.hr\/hu\/city\/pag-sziget\/","name":"Pag sziget","slug":"pag-sziget","taxonomy":"property_city","parent":0,"meta":[],"yoast_head":"<!-- This site is optimized with the Yoast SEO plugin v27.4 - https:\/\/yoast.com\/product\/yoast-seo-wordpress\/ -->\n<title>Pag sziget - THE ONE Real Estate<\/title>\n<meta name=\"description\" content=\"Az Adriai-tenger \u00e9szaki r\u00e9sz\u00e9n fekv\u0151 Pag sziget egyed\u00fcl\u00e1ll\u00f3 \u00e9s mag\u00e1val ragad\u00f3 \u00fati c\u00e9l, amely vadreg\u00e9nyes t\u00e1jair\u00f3l, \u0151si s\u00f3skanzenjeir\u0151l \u00e9s \u00e9l\u00e9nk kultur\u00e1lis \u00e9let\u00e9r\u0151l ismert. A jellegzetes, holdszer\u0171 megjelen\u00e9s\u00e9r\u0151l h\u00edres Pag a szikl\u00e1s terep, az olajfaligetek \u00e9s az arom\u00e1s gy\u00f3gyn\u00f6v\u00e9nyek sz\u00fcrre\u00e1lis kever\u00e9k\u00e9t k\u00edn\u00e1lja. Pag v\u00e1rosa k\u00f6z\u00e9pkori \u00e9p\u00edt\u00e9szet\u00e9vel \u00e9s olyan t\u00f6rt\u00e9nelmi nevezetess\u00e9geivel, mint a Szent M\u00e1ria-templom \u00e9s a Hercegi Palota, t\u00fckr\u00f6zi a sziget gazdag t\u00f6rt\u00e9nelm\u00e9t. A helyi k\u00e9zm\u0171vesek \u00e1ltal k\u00e9sz\u00edtett bonyolult csipkever\u00e9kek, a Pag-csipke, tov\u00e1bb n\u00f6velik a sziget kultur\u00e1lis vonzerej\u00e9t. Pag tengerpartj\u00e1t \u00e9rintetlen strandok \u00e9s rejtett \u00f6bl\u00f6k d\u00edsz\u00edtik, amelyek a napoz\u00e1st\u00f3l a v\u00edzi sportokig sz\u00e1mos szabadid\u0151s tev\u00e9kenys\u00e9get k\u00edn\u00e1lnak. A sziget gasztron\u00f3mi\u00e1j\u00e1t a pag-i sajt, a b\u00e1r\u00e1nyh\u00fas \u00e9s a hagyom\u00e1nyos s\u00fctem\u00e9nyek teszik h\u00edress\u00e9, amelyeket a h\u00edres feh\u00e9rbor, a \u017dutica eg\u00e9sz\u00edt ki. A term\u00e9szeti sz\u00e9ps\u00e9get, a kultur\u00e1lis \u00f6r\u00f6ks\u00e9get \u00e9s a kulin\u00e1ris kiv\u00e1l\u00f3s\u00e1got z\u00f6kken\u0151mentesen \u00f6tv\u00f6z\u0151 \u00fati c\u00e9lk\u00e9nt Pag az Adria k\u00fcl\u00f6nleges \u00e9kk\u00f6v\u00e9nek sz\u00e1m\u00edt, \u00e9s arra invit\u00e1lja a l\u00e1togat\u00f3kat, hogy fedezz\u00e9k fel v\u00e1ltozatos t\u00e1jait \u00e9s tapasztalj\u00e1k meg a sziget egyed\u00fcl\u00e1ll\u00f3 \u00edzeit.\" \/>\n<meta name=\"robots\" content=\"index, follow, max-snippet:-1, max-image-preview:large, max-video-preview:-1\" \/>\n<link rel=\"canonical\" href=\"https:\/\/theone.hr\/hu\/city\/pag-sziget\/\" \/>\n<meta property=\"og:locale\" content=\"hu_HU\" \/>\n<meta property=\"og:type\" content=\"article\" \/>\n<meta property=\"og:title\" content=\"Pag sziget - THE ONE Real Estate\" \/>\n<meta property=\"og:description\" content=\"Az Adriai-tenger \u00e9szaki r\u00e9sz\u00e9n fekv\u0151 Pag sziget egyed\u00fcl\u00e1ll\u00f3 \u00e9s mag\u00e1val ragad\u00f3 \u00fati c\u00e9l, amely vadreg\u00e9nyes t\u00e1jair\u00f3l, \u0151si s\u00f3skanzenjeir\u0151l \u00e9s \u00e9l\u00e9nk kultur\u00e1lis \u00e9let\u00e9r\u0151l ismert. A jellegzetes, holdszer\u0171 megjelen\u00e9s\u00e9r\u0151l h\u00edres Pag a szikl\u00e1s terep, az olajfaligetek \u00e9s az arom\u00e1s gy\u00f3gyn\u00f6v\u00e9nyek sz\u00fcrre\u00e1lis kever\u00e9k\u00e9t k\u00edn\u00e1lja. Pag v\u00e1rosa k\u00f6z\u00e9pkori \u00e9p\u00edt\u00e9szet\u00e9vel \u00e9s olyan t\u00f6rt\u00e9nelmi nevezetess\u00e9geivel, mint a Szent M\u00e1ria-templom \u00e9s a Hercegi Palota, t\u00fckr\u00f6zi a sziget gazdag t\u00f6rt\u00e9nelm\u00e9t. A helyi k\u00e9zm\u0171vesek \u00e1ltal k\u00e9sz\u00edtett bonyolult csipkever\u00e9kek, a Pag-csipke, tov\u00e1bb n\u00f6velik a sziget kultur\u00e1lis vonzerej\u00e9t. Pag tengerpartj\u00e1t \u00e9rintetlen strandok \u00e9s rejtett \u00f6bl\u00f6k d\u00edsz\u00edtik, amelyek a napoz\u00e1st\u00f3l a v\u00edzi sportokig sz\u00e1mos szabadid\u0151s tev\u00e9kenys\u00e9get k\u00edn\u00e1lnak. A sziget gasztron\u00f3mi\u00e1j\u00e1t a pag-i sajt, a b\u00e1r\u00e1nyh\u00fas \u00e9s a hagyom\u00e1nyos s\u00fctem\u00e9nyek teszik h\u00edress\u00e9, amelyeket a h\u00edres feh\u00e9rbor, a \u017dutica eg\u00e9sz\u00edt ki. A term\u00e9szeti sz\u00e9ps\u00e9get, a kultur\u00e1lis \u00f6r\u00f6ks\u00e9get \u00e9s a kulin\u00e1ris kiv\u00e1l\u00f3s\u00e1got z\u00f6kken\u0151mentesen \u00f6tv\u00f6z\u0151 \u00fati c\u00e9lk\u00e9nt Pag az Adria k\u00fcl\u00f6nleges \u00e9kk\u00f6v\u00e9nek sz\u00e1m\u00edt, \u00e9s arra invit\u00e1lja a l\u00e1togat\u00f3kat, hogy fedezz\u00e9k fel v\u00e1ltozatos t\u00e1jait \u00e9s tapasztalj\u00e1k meg a sziget egyed\u00fcl\u00e1ll\u00f3 \u00edzeit.\" \/>\n<meta property=\"og:url\" content=\"https:\/\/theone.hr\/hu\/city\/pag-sziget\/\" \/>\n<meta property=\"og:site_name\" content=\"THE ONE Real Estate\" \/>\n<meta name=\"twitter:card\" content=\"summary_large_image\" \/>\n<script type=\"application\/ld+json\" class=\"yoast-schema-graph\">{\"@context\":\"https:\\\/\\\/schema.org\",\"@graph\":[{\"@type\":\"CollectionPage\",\"@id\":\"https:\\\/\\\/theone.hr\\\/hu\\\/city\\\/pag-sziget\\\/\",\"url\":\"https:\\\/\\\/theone.hr\\\/hu\\\/city\\\/pag-sziget\\\/\",\"name\":\"Pag sziget - THE ONE Real Estate\",\"isPartOf\":{\"@id\":\"https:\\\/\\\/theone.hr\\\/hu\\\/#website\"},\"description\":\"Az Adriai-tenger \u00e9szaki r\u00e9sz\u00e9n fekv\u0151 Pag sziget egyed\u00fcl\u00e1ll\u00f3 \u00e9s mag\u00e1val ragad\u00f3 \u00fati c\u00e9l, amely vadreg\u00e9nyes t\u00e1jair\u00f3l, \u0151si s\u00f3skanzenjeir\u0151l \u00e9s \u00e9l\u00e9nk kultur\u00e1lis \u00e9let\u00e9r\u0151l ismert. A jellegzetes, holdszer\u0171 megjelen\u00e9s\u00e9r\u0151l h\u00edres Pag a szikl\u00e1s terep, az olajfaligetek \u00e9s az arom\u00e1s gy\u00f3gyn\u00f6v\u00e9nyek sz\u00fcrre\u00e1lis kever\u00e9k\u00e9t k\u00edn\u00e1lja. Pag v\u00e1rosa k\u00f6z\u00e9pkori \u00e9p\u00edt\u00e9szet\u00e9vel \u00e9s olyan t\u00f6rt\u00e9nelmi nevezetess\u00e9geivel, mint a Szent M\u00e1ria-templom \u00e9s a Hercegi Palota, t\u00fckr\u00f6zi a sziget gazdag t\u00f6rt\u00e9nelm\u00e9t. A helyi k\u00e9zm\u0171vesek \u00e1ltal k\u00e9sz\u00edtett bonyolult csipkever\u00e9kek, a Pag-csipke, tov\u00e1bb n\u00f6velik a sziget kultur\u00e1lis vonzerej\u00e9t. Pag tengerpartj\u00e1t \u00e9rintetlen strandok \u00e9s rejtett \u00f6bl\u00f6k d\u00edsz\u00edtik, amelyek a napoz\u00e1st\u00f3l a v\u00edzi sportokig sz\u00e1mos szabadid\u0151s tev\u00e9kenys\u00e9get k\u00edn\u00e1lnak. A sziget gasztron\u00f3mi\u00e1j\u00e1t a pag-i sajt, a b\u00e1r\u00e1nyh\u00fas \u00e9s a hagyom\u00e1nyos s\u00fctem\u00e9nyek teszik h\u00edress\u00e9, amelyeket a h\u00edres feh\u00e9rbor, a \u017dutica eg\u00e9sz\u00edt ki. A term\u00e9szeti sz\u00e9ps\u00e9get, a kultur\u00e1lis \u00f6r\u00f6ks\u00e9get \u00e9s a kulin\u00e1ris kiv\u00e1l\u00f3s\u00e1got z\u00f6kken\u0151mentesen \u00f6tv\u00f6z\u0151 \u00fati c\u00e9lk\u00e9nt Pag az Adria k\u00fcl\u00f6nleges \u00e9kk\u00f6v\u00e9nek sz\u00e1m\u00edt, \u00e9s arra invit\u00e1lja a l\u00e1togat\u00f3kat, hogy fedezz\u00e9k fel v\u00e1ltozatos t\u00e1jait \u00e9s tapasztalj\u00e1k meg a sziget egyed\u00fcl\u00e1ll\u00f3 \u00edzeit.\",\"breadcrumb\":{\"@id\":\"https:\\\/\\\/theone.hr\\\/hu\\\/city\\\/pag-sziget\\\/#breadcrumb\"},\"inLanguage\":\"hu\"},{\"@type\":\"BreadcrumbList\",\"@id\":\"https:\\\/\\\/theone.hr\\\/hu\\\/city\\\/pag-sziget\\\/#breadcrumb\",\"itemListElement\":[{\"@type\":\"ListItem\",\"position\":1,\"name\":\"Home\",\"item\":\"https:\\\/\\\/theone.hr\\\/hu\\\/\"},{\"@type\":\"ListItem\",\"position\":2,\"name\":\"Pag sziget\"}]},{\"@type\":\"WebSite\",\"@id\":\"https:\\\/\\\/theone.hr\\\/hu\\\/#website\",\"url\":\"https:\\\/\\\/theone.hr\\\/hu\\\/\",\"name\":\"THE ONE Real Estate\",\"description\":\"Luxury boutique real estate brokerage\",\"publisher\":{\"@id\":\"https:\\\/\\\/theone.hr\\\/hu\\\/#organization\"},\"potentialAction\":[{\"@type\":\"SearchAction\",\"target\":{\"@type\":\"EntryPoint\",\"urlTemplate\":\"https:\\\/\\\/theone.hr\\\/hu\\\/?s={search_term_string}\"},\"query-input\":{\"@type\":\"PropertyValueSpecification\",\"valueRequired\":true,\"valueName\":\"search_term_string\"}}],\"inLanguage\":\"hu\"},{\"@type\":\"Organization\",\"@id\":\"https:\\\/\\\/theone.hr\\\/hu\\\/#organization\",\"name\":\"THE ONE Real Estate\",\"url\":\"https:\\\/\\\/theone.hr\\\/hu\\\/\",\"logo\":{\"@type\":\"ImageObject\",\"inLanguage\":\"hu\",\"@id\":\"https:\\\/\\\/theone.hr\\\/hu\\\/#\\\/schema\\\/logo\\\/image\\\/\",\"url\":\"https:\\\/\\\/theone.hr\\\/wp-content\\\/uploads\\\/2022\\\/02\\\/The-One-Real-Estate-Logo-Black.jpg\",\"contentUrl\":\"https:\\\/\\\/theone.hr\\\/wp-content\\\/uploads\\\/2022\\\/02\\\/The-One-Real-Estate-Logo-Black.jpg\",\"width\":750,\"height\":750,\"caption\":\"THE ONE Real Estate\"},\"image\":{\"@id\":\"https:\\\/\\\/theone.hr\\\/hu\\\/#\\\/schema\\\/logo\\\/image\\\/\"},\"sameAs\":[\"https:\\\/\\\/www.facebook.com\\\/theonerealestatecroatia\\\/\",\"https:\\\/\\\/www.instagram.com\\\/theonecroatia\\\/\"]}]}<\/script>\n<!-- \/ Yoast SEO plugin. -->","yoast_head_json":{"title":"Pag sziget - THE ONE Real Estate","description":"Az Adriai-tenger \u00e9szaki r\u00e9sz\u00e9n fekv\u0151 Pag sziget egyed\u00fcl\u00e1ll\u00f3 \u00e9s mag\u00e1val ragad\u00f3 \u00fati c\u00e9l, amely vadreg\u00e9nyes t\u00e1jair\u00f3l, \u0151si s\u00f3skanzenjeir\u0151l \u00e9s \u00e9l\u00e9nk kultur\u00e1lis \u00e9let\u00e9r\u0151l ismert. A jellegzetes, holdszer\u0171 megjelen\u00e9s\u00e9r\u0151l h\u00edres Pag a szikl\u00e1s terep, az olajfaligetek \u00e9s az arom\u00e1s gy\u00f3gyn\u00f6v\u00e9nyek sz\u00fcrre\u00e1lis kever\u00e9k\u00e9t k\u00edn\u00e1lja. Pag v\u00e1rosa k\u00f6z\u00e9pkori \u00e9p\u00edt\u00e9szet\u00e9vel \u00e9s olyan t\u00f6rt\u00e9nelmi nevezetess\u00e9geivel, mint a Szent M\u00e1ria-templom \u00e9s a Hercegi Palota, t\u00fckr\u00f6zi a sziget gazdag t\u00f6rt\u00e9nelm\u00e9t. A helyi k\u00e9zm\u0171vesek \u00e1ltal k\u00e9sz\u00edtett bonyolult csipkever\u00e9kek, a Pag-csipke, tov\u00e1bb n\u00f6velik a sziget kultur\u00e1lis vonzerej\u00e9t. Pag tengerpartj\u00e1t \u00e9rintetlen strandok \u00e9s rejtett \u00f6bl\u00f6k d\u00edsz\u00edtik, amelyek a napoz\u00e1st\u00f3l a v\u00edzi sportokig sz\u00e1mos szabadid\u0151s tev\u00e9kenys\u00e9get k\u00edn\u00e1lnak. A sziget gasztron\u00f3mi\u00e1j\u00e1t a pag-i sajt, a b\u00e1r\u00e1nyh\u00fas \u00e9s a hagyom\u00e1nyos s\u00fctem\u00e9nyek teszik h\u00edress\u00e9, amelyeket a h\u00edres feh\u00e9rbor, a \u017dutica eg\u00e9sz\u00edt ki. A term\u00e9szeti sz\u00e9ps\u00e9get, a kultur\u00e1lis \u00f6r\u00f6ks\u00e9get \u00e9s a kulin\u00e1ris kiv\u00e1l\u00f3s\u00e1got z\u00f6kken\u0151mentesen \u00f6tv\u00f6z\u0151 \u00fati c\u00e9lk\u00e9nt Pag az Adria k\u00fcl\u00f6nleges \u00e9kk\u00f6v\u00e9nek sz\u00e1m\u00edt, \u00e9s arra invit\u00e1lja a l\u00e1togat\u00f3kat, hogy fedezz\u00e9k fel v\u00e1ltozatos t\u00e1jait \u00e9s tapasztalj\u00e1k meg a sziget egyed\u00fcl\u00e1ll\u00f3 \u00edzeit.","robots":{"index":"index","follow":"follow","max-snippet":"max-snippet:-1","max-image-preview":"max-image-preview:large","max-video-preview":"max-video-preview:-1"},"canonical":"https:\/\/theone.hr\/hu\/city\/pag-sziget\/","og_locale":"hu_HU","og_type":"article","og_title":"Pag sziget - THE ONE Real Estate","og_description":"Az Adriai-tenger \u00e9szaki r\u00e9sz\u00e9n fekv\u0151 Pag sziget egyed\u00fcl\u00e1ll\u00f3 \u00e9s mag\u00e1val ragad\u00f3 \u00fati c\u00e9l, amely vadreg\u00e9nyes t\u00e1jair\u00f3l, \u0151si s\u00f3skanzenjeir\u0151l \u00e9s \u00e9l\u00e9nk kultur\u00e1lis \u00e9let\u00e9r\u0151l ismert. A jellegzetes, holdszer\u0171 megjelen\u00e9s\u00e9r\u0151l h\u00edres Pag a szikl\u00e1s terep, az olajfaligetek \u00e9s az arom\u00e1s gy\u00f3gyn\u00f6v\u00e9nyek sz\u00fcrre\u00e1lis kever\u00e9k\u00e9t k\u00edn\u00e1lja. Pag v\u00e1rosa k\u00f6z\u00e9pkori \u00e9p\u00edt\u00e9szet\u00e9vel \u00e9s olyan t\u00f6rt\u00e9nelmi nevezetess\u00e9geivel, mint a Szent M\u00e1ria-templom \u00e9s a Hercegi Palota, t\u00fckr\u00f6zi a sziget gazdag t\u00f6rt\u00e9nelm\u00e9t. A helyi k\u00e9zm\u0171vesek \u00e1ltal k\u00e9sz\u00edtett bonyolult csipkever\u00e9kek, a Pag-csipke, tov\u00e1bb n\u00f6velik a sziget kultur\u00e1lis vonzerej\u00e9t. Pag tengerpartj\u00e1t \u00e9rintetlen strandok \u00e9s rejtett \u00f6bl\u00f6k d\u00edsz\u00edtik, amelyek a napoz\u00e1st\u00f3l a v\u00edzi sportokig sz\u00e1mos szabadid\u0151s tev\u00e9kenys\u00e9get k\u00edn\u00e1lnak. A sziget gasztron\u00f3mi\u00e1j\u00e1t a pag-i sajt, a b\u00e1r\u00e1nyh\u00fas \u00e9s a hagyom\u00e1nyos s\u00fctem\u00e9nyek teszik h\u00edress\u00e9, amelyeket a h\u00edres feh\u00e9rbor, a \u017dutica eg\u00e9sz\u00edt ki. A term\u00e9szeti sz\u00e9ps\u00e9get, a kultur\u00e1lis \u00f6r\u00f6ks\u00e9get \u00e9s a kulin\u00e1ris kiv\u00e1l\u00f3s\u00e1got z\u00f6kken\u0151mentesen \u00f6tv\u00f6z\u0151 \u00fati c\u00e9lk\u00e9nt Pag az Adria k\u00fcl\u00f6nleges \u00e9kk\u00f6v\u00e9nek sz\u00e1m\u00edt, \u00e9s arra invit\u00e1lja a l\u00e1togat\u00f3kat, hogy fedezz\u00e9k fel v\u00e1ltozatos t\u00e1jait \u00e9s tapasztalj\u00e1k meg a sziget egyed\u00fcl\u00e1ll\u00f3 \u00edzeit.","og_url":"https:\/\/theone.hr\/hu\/city\/pag-sziget\/","og_site_name":"THE ONE Real Estate","twitter_card":"summary_large_image","schema":{"@context":"https:\/\/schema.org","@graph":[{"@type":"CollectionPage","@id":"https:\/\/theone.hr\/hu\/city\/pag-sziget\/","url":"https:\/\/theone.hr\/hu\/city\/pag-sziget\/","name":"Pag sziget - THE ONE Real Estate","isPartOf":{"@id":"https:\/\/theone.hr\/hu\/#website"},"description":"Az Adriai-tenger \u00e9szaki r\u00e9sz\u00e9n fekv\u0151 Pag sziget egyed\u00fcl\u00e1ll\u00f3 \u00e9s mag\u00e1val ragad\u00f3 \u00fati c\u00e9l, amely vadreg\u00e9nyes t\u00e1jair\u00f3l, \u0151si s\u00f3skanzenjeir\u0151l \u00e9s \u00e9l\u00e9nk kultur\u00e1lis \u00e9let\u00e9r\u0151l ismert. A jellegzetes, holdszer\u0171 megjelen\u00e9s\u00e9r\u0151l h\u00edres Pag a szikl\u00e1s terep, az olajfaligetek \u00e9s az arom\u00e1s gy\u00f3gyn\u00f6v\u00e9nyek sz\u00fcrre\u00e1lis kever\u00e9k\u00e9t k\u00edn\u00e1lja. Pag v\u00e1rosa k\u00f6z\u00e9pkori \u00e9p\u00edt\u00e9szet\u00e9vel \u00e9s olyan t\u00f6rt\u00e9nelmi nevezetess\u00e9geivel, mint a Szent M\u00e1ria-templom \u00e9s a Hercegi Palota, t\u00fckr\u00f6zi a sziget gazdag t\u00f6rt\u00e9nelm\u00e9t. A helyi k\u00e9zm\u0171vesek \u00e1ltal k\u00e9sz\u00edtett bonyolult csipkever\u00e9kek, a Pag-csipke, tov\u00e1bb n\u00f6velik a sziget kultur\u00e1lis vonzerej\u00e9t. Pag tengerpartj\u00e1t \u00e9rintetlen strandok \u00e9s rejtett \u00f6bl\u00f6k d\u00edsz\u00edtik, amelyek a napoz\u00e1st\u00f3l a v\u00edzi sportokig sz\u00e1mos szabadid\u0151s tev\u00e9kenys\u00e9get k\u00edn\u00e1lnak. A sziget gasztron\u00f3mi\u00e1j\u00e1t a pag-i sajt, a b\u00e1r\u00e1nyh\u00fas \u00e9s a hagyom\u00e1nyos s\u00fctem\u00e9nyek teszik h\u00edress\u00e9, amelyeket a h\u00edres feh\u00e9rbor, a \u017dutica eg\u00e9sz\u00edt ki. A term\u00e9szeti sz\u00e9ps\u00e9get, a kultur\u00e1lis \u00f6r\u00f6ks\u00e9get \u00e9s a kulin\u00e1ris kiv\u00e1l\u00f3s\u00e1got z\u00f6kken\u0151mentesen \u00f6tv\u00f6z\u0151 \u00fati c\u00e9lk\u00e9nt Pag az Adria k\u00fcl\u00f6nleges \u00e9kk\u00f6v\u00e9nek sz\u00e1m\u00edt, \u00e9s arra invit\u00e1lja a l\u00e1togat\u00f3kat, hogy fedezz\u00e9k fel v\u00e1ltozatos t\u00e1jait \u00e9s tapasztalj\u00e1k meg a sziget egyed\u00fcl\u00e1ll\u00f3 \u00edzeit.","breadcrumb":{"@id":"https:\/\/theone.hr\/hu\/city\/pag-sziget\/#breadcrumb"},"inLanguage":"hu"},{"@type":"BreadcrumbList","@id":"https:\/\/theone.hr\/hu\/city\/pag-sziget\/#breadcrumb","itemListElement":[{"@type":"ListItem","position":1,"name":"Home","item":"https:\/\/theone.hr\/hu\/"},{"@type":"ListItem","position":2,"name":"Pag sziget"}]},{"@type":"WebSite","@id":"https:\/\/theone.hr\/hu\/#website","url":"https:\/\/theone.hr\/hu\/","name":"THE ONE Real Estate","description":"Luxury boutique real estate brokerage","publisher":{"@id":"https:\/\/theone.hr\/hu\/#organization"},"potentialAction":[{"@type":"SearchAction","target":{"@type":"EntryPoint","urlTemplate":"https:\/\/theone.hr\/hu\/?s={search_term_string}"},"query-input":{"@type":"PropertyValueSpecification","valueRequired":true,"valueName":"search_term_string"}}],"inLanguage":"hu"},{"@type":"Organization","@id":"https:\/\/theone.hr\/hu\/#organization","name":"THE ONE Real Estate","url":"https:\/\/theone.hr\/hu\/","logo":{"@type":"ImageObject","inLanguage":"hu","@id":"https:\/\/theone.hr\/hu\/#\/schema\/logo\/image\/","url":"https:\/\/theone.hr\/wp-content\/uploads\/2022\/02\/The-One-Real-Estate-Logo-Black.jpg","contentUrl":"https:\/\/theone.hr\/wp-content\/uploads\/2022\/02\/The-One-Real-Estate-Logo-Black.jpg","width":750,"height":750,"caption":"THE ONE Real Estate"},"image":{"@id":"https:\/\/theone.hr\/hu\/#\/schema\/logo\/image\/"},"sameAs":["https:\/\/www.facebook.com\/theonerealestatecroatia\/","https:\/\/www.instagram.com\/theonecroatia\/"]}]}},"_links":{"self":[{"href":"https:\/\/theone.hr\/hu\/wp-json\/wp\/v2\/property_city\/1500","targetHints":{"allow":["GET"]}}],"collection":[{"href":"https:\/\/theone.hr\/hu\/wp-json\/wp\/v2\/property_city"}],"about":[{"href":"https:\/\/theone.hr\/hu\/wp-json\/wp\/v2\/taxonomies\/property_city"}],"wp:post_type":[{"href":"https:\/\/theone.hr\/hu\/wp-json\/wp\/v2\/tulajdons\u00e1gait?property_city=1500"}],"curies":[{"name":"wp","href":"https:\/\/api.w.org\/{rel}","templated":true}]}}