{"id":626,"count":37,"description":"A horv\u00e1torsz\u00e1gi Isztriai-f\u00e9lsziget nyugati partj\u00e1n fekv\u0151 Porec t\u00f6rt\u00e9nelmi b\u00e1jt \u00e9s kultur\u00e1lis gazdags\u00e1got sug\u00e1rz\u00f3 v\u00e1ros. A r\u00f3mai korig visszany\u00fal\u00f3 t\u00f6rt\u00e9nelemmel rendelkez\u0151 v\u00e1ros kiemelked\u0151 nevezetess\u00e9ge az UNESCO \u00e1ltal v\u00e9dett Eufr\u00e1zi\u00e1nusz-bazilika, amely a biz\u00e1nci korb\u00f3l sz\u00e1rmaz\u00f3 bonyolult mozaikokat mutat be. A sz\u0171k macskak\u00f6ves utc\u00e1k \u00e9s sz\u00ednes \u00e9p\u00fcletek jellemezte \u00f3v\u00e1ros nyugodt felfedez\u00e9sre h\u00edv, m\u00edg az Adria-part fest\u0151i kil\u00e1t\u00e1st \u00e9s vibr\u00e1l\u00f3 hangulatot k\u00edn\u00e1l a tengerparti s\u00e9t\u00e1nyokkal \u00e9s v\u00edzparti l\u00e9tes\u00edtm\u00e9nyekkel.  \n\nPore\u010d nemcsak t\u00f6rt\u00e9nelmi jelent\u0151s\u00e9g\u0171 k\u00f6zpont, hanem a kultur\u00e1lis esem\u00e9nyek k\u00f6zpontja is, ahol zenei fesztiv\u00e1lok, m\u0171v\u00e9szeti ki\u00e1ll\u00edt\u00e1sok \u00e9s hagyom\u00e1nyos \u00fcnneps\u00e9gek zajlanak. A v\u00e1ros gasztron\u00f3miai sz\u00edntere az isztriai konyha gazdags\u00e1g\u00e1t t\u00fckr\u00f6zi, olyan helyi specialit\u00e1sokkal, mint a szarvasgomba, az ol\u00edvaolaj \u00e9s a tenger gy\u00fcm\u00f6lcsei. \n\nPore\u010d n\u00e9pszer\u0171 turisztikai c\u00e9lpontk\u00e9nt a t\u00f6rt\u00e9nelmi felfedez\u00e9s \u00e9s a szabadid\u0151s tev\u00e9kenys\u00e9gek t\u00f6k\u00e9letes kever\u00e9k\u00e9t k\u00edn\u00e1lja. A l\u00e1togat\u00f3k a k\u00f6zeli strandokon s\u00fctk\u00e9rezhetnek a napf\u00e9nyben, v\u00edzi sportokban vehetnek r\u00e9szt, \u00e9s megtapasztalhatj\u00e1k az isztriai vend\u00e9gszeretet meleg\u00e9t. Pore\u010d l\u00e9nyeg\u00e9ben egy olyan v\u00e1ros, amely z\u00f6kken\u0151mentesen \u00f6tv\u00f6zi \u0151si m\u00faltj\u00e1t az \u00e9l\u00e9nk jelennel, v\u00e1ltozatos \u00e9s mag\u00e1val ragad\u00f3 \u00e9lm\u00e9nyt ny\u00fajtva azoknak, akik a t\u00f6rt\u00e9nelem, a kult\u00fara \u00e9s a tengerparti pihen\u00e9s kever\u00e9k\u00e9t keresik.  ","link":"https:\/\/theone.hr\/hu\/city\/porec-hu\/","name":"Porec","slug":"porec-hu","taxonomy":"property_city","parent":0,"meta":[],"yoast_head":"<!-- This site is optimized with the Yoast SEO plugin v27.4 - https:\/\/yoast.com\/product\/yoast-seo-wordpress\/ -->\n<title>Porec - THE ONE Real Estate<\/title>\n<meta name=\"description\" content=\"A horv\u00e1torsz\u00e1gi Isztriai-f\u00e9lsziget nyugati partj\u00e1n fekv\u0151 Porec t\u00f6rt\u00e9nelmi b\u00e1jt \u00e9s kultur\u00e1lis gazdags\u00e1got sug\u00e1rz\u00f3 v\u00e1ros. A r\u00f3mai korig visszany\u00fal\u00f3 t\u00f6rt\u00e9nelemmel rendelkez\u0151 v\u00e1ros kiemelked\u0151 nevezetess\u00e9ge az UNESCO \u00e1ltal v\u00e9dett Eufr\u00e1zi\u00e1nusz-bazilika, amely a biz\u00e1nci korb\u00f3l sz\u00e1rmaz\u00f3 bonyolult mozaikokat mutat be. A sz\u0171k macskak\u00f6ves utc\u00e1k \u00e9s sz\u00ednes \u00e9p\u00fcletek jellemezte \u00f3v\u00e1ros nyugodt felfedez\u00e9sre h\u00edv, m\u00edg az Adria-part fest\u0151i kil\u00e1t\u00e1st \u00e9s vibr\u00e1l\u00f3 hangulatot k\u00edn\u00e1l a tengerparti s\u00e9t\u00e1nyokkal \u00e9s v\u00edzparti l\u00e9tes\u00edtm\u00e9nyekkel.  Pore\u010d nemcsak t\u00f6rt\u00e9nelmi jelent\u0151s\u00e9g\u0171 k\u00f6zpont, hanem a kultur\u00e1lis esem\u00e9nyek k\u00f6zpontja is, ahol zenei fesztiv\u00e1lok, m\u0171v\u00e9szeti ki\u00e1ll\u00edt\u00e1sok \u00e9s hagyom\u00e1nyos \u00fcnneps\u00e9gek zajlanak. A v\u00e1ros gasztron\u00f3miai sz\u00edntere az isztriai konyha gazdags\u00e1g\u00e1t t\u00fckr\u00f6zi, olyan helyi specialit\u00e1sokkal, mint a szarvasgomba, az ol\u00edvaolaj \u00e9s a tenger gy\u00fcm\u00f6lcsei. Pore\u010d n\u00e9pszer\u0171 turisztikai c\u00e9lpontk\u00e9nt a t\u00f6rt\u00e9nelmi felfedez\u00e9s \u00e9s a szabadid\u0151s tev\u00e9kenys\u00e9gek t\u00f6k\u00e9letes kever\u00e9k\u00e9t k\u00edn\u00e1lja. A l\u00e1togat\u00f3k a k\u00f6zeli strandokon s\u00fctk\u00e9rezhetnek a napf\u00e9nyben, v\u00edzi sportokban vehetnek r\u00e9szt, \u00e9s megtapasztalhatj\u00e1k az isztriai vend\u00e9gszeretet meleg\u00e9t. Pore\u010d l\u00e9nyeg\u00e9ben egy olyan v\u00e1ros, amely z\u00f6kken\u0151mentesen \u00f6tv\u00f6zi \u0151si m\u00faltj\u00e1t az \u00e9l\u00e9nk jelennel, v\u00e1ltozatos \u00e9s mag\u00e1val ragad\u00f3 \u00e9lm\u00e9nyt ny\u00fajtva azoknak, akik a t\u00f6rt\u00e9nelem, a kult\u00fara \u00e9s a tengerparti pihen\u00e9s kever\u00e9k\u00e9t keresik.\" \/>\n<meta name=\"robots\" content=\"index, follow, max-snippet:-1, max-image-preview:large, max-video-preview:-1\" \/>\n<link rel=\"canonical\" href=\"https:\/\/theone.hr\/hu\/city\/porec-hu\/\" \/>\n<meta property=\"og:locale\" content=\"hu_HU\" \/>\n<meta property=\"og:type\" content=\"article\" \/>\n<meta property=\"og:title\" content=\"Porec - THE ONE Real Estate\" \/>\n<meta property=\"og:description\" content=\"A horv\u00e1torsz\u00e1gi Isztriai-f\u00e9lsziget nyugati partj\u00e1n fekv\u0151 Porec t\u00f6rt\u00e9nelmi b\u00e1jt \u00e9s kultur\u00e1lis gazdags\u00e1got sug\u00e1rz\u00f3 v\u00e1ros. A r\u00f3mai korig visszany\u00fal\u00f3 t\u00f6rt\u00e9nelemmel rendelkez\u0151 v\u00e1ros kiemelked\u0151 nevezetess\u00e9ge az UNESCO \u00e1ltal v\u00e9dett Eufr\u00e1zi\u00e1nusz-bazilika, amely a biz\u00e1nci korb\u00f3l sz\u00e1rmaz\u00f3 bonyolult mozaikokat mutat be. A sz\u0171k macskak\u00f6ves utc\u00e1k \u00e9s sz\u00ednes \u00e9p\u00fcletek jellemezte \u00f3v\u00e1ros nyugodt felfedez\u00e9sre h\u00edv, m\u00edg az Adria-part fest\u0151i kil\u00e1t\u00e1st \u00e9s vibr\u00e1l\u00f3 hangulatot k\u00edn\u00e1l a tengerparti s\u00e9t\u00e1nyokkal \u00e9s v\u00edzparti l\u00e9tes\u00edtm\u00e9nyekkel.  Pore\u010d nemcsak t\u00f6rt\u00e9nelmi jelent\u0151s\u00e9g\u0171 k\u00f6zpont, hanem a kultur\u00e1lis esem\u00e9nyek k\u00f6zpontja is, ahol zenei fesztiv\u00e1lok, m\u0171v\u00e9szeti ki\u00e1ll\u00edt\u00e1sok \u00e9s hagyom\u00e1nyos \u00fcnneps\u00e9gek zajlanak. A v\u00e1ros gasztron\u00f3miai sz\u00edntere az isztriai konyha gazdags\u00e1g\u00e1t t\u00fckr\u00f6zi, olyan helyi specialit\u00e1sokkal, mint a szarvasgomba, az ol\u00edvaolaj \u00e9s a tenger gy\u00fcm\u00f6lcsei. Pore\u010d n\u00e9pszer\u0171 turisztikai c\u00e9lpontk\u00e9nt a t\u00f6rt\u00e9nelmi felfedez\u00e9s \u00e9s a szabadid\u0151s tev\u00e9kenys\u00e9gek t\u00f6k\u00e9letes kever\u00e9k\u00e9t k\u00edn\u00e1lja. A l\u00e1togat\u00f3k a k\u00f6zeli strandokon s\u00fctk\u00e9rezhetnek a napf\u00e9nyben, v\u00edzi sportokban vehetnek r\u00e9szt, \u00e9s megtapasztalhatj\u00e1k az isztriai vend\u00e9gszeretet meleg\u00e9t. Pore\u010d l\u00e9nyeg\u00e9ben egy olyan v\u00e1ros, amely z\u00f6kken\u0151mentesen \u00f6tv\u00f6zi \u0151si m\u00faltj\u00e1t az \u00e9l\u00e9nk jelennel, v\u00e1ltozatos \u00e9s mag\u00e1val ragad\u00f3 \u00e9lm\u00e9nyt ny\u00fajtva azoknak, akik a t\u00f6rt\u00e9nelem, a kult\u00fara \u00e9s a tengerparti pihen\u00e9s kever\u00e9k\u00e9t keresik.\" \/>\n<meta property=\"og:url\" content=\"https:\/\/theone.hr\/hu\/city\/porec-hu\/\" \/>\n<meta property=\"og:site_name\" content=\"THE ONE Real Estate\" \/>\n<meta name=\"twitter:card\" content=\"summary_large_image\" \/>\n<script type=\"application\/ld+json\" class=\"yoast-schema-graph\">{\"@context\":\"https:\\\/\\\/schema.org\",\"@graph\":[{\"@type\":\"CollectionPage\",\"@id\":\"https:\\\/\\\/theone.hr\\\/hu\\\/city\\\/porec-hu\\\/\",\"url\":\"https:\\\/\\\/theone.hr\\\/hu\\\/city\\\/porec-hu\\\/\",\"name\":\"Porec - THE ONE Real Estate\",\"isPartOf\":{\"@id\":\"https:\\\/\\\/theone.hr\\\/hu\\\/#website\"},\"description\":\"A horv\u00e1torsz\u00e1gi Isztriai-f\u00e9lsziget nyugati partj\u00e1n fekv\u0151 Porec t\u00f6rt\u00e9nelmi b\u00e1jt \u00e9s kultur\u00e1lis gazdags\u00e1got sug\u00e1rz\u00f3 v\u00e1ros. A r\u00f3mai korig visszany\u00fal\u00f3 t\u00f6rt\u00e9nelemmel rendelkez\u0151 v\u00e1ros kiemelked\u0151 nevezetess\u00e9ge az UNESCO \u00e1ltal v\u00e9dett Eufr\u00e1zi\u00e1nusz-bazilika, amely a biz\u00e1nci korb\u00f3l sz\u00e1rmaz\u00f3 bonyolult mozaikokat mutat be. A sz\u0171k macskak\u00f6ves utc\u00e1k \u00e9s sz\u00ednes \u00e9p\u00fcletek jellemezte \u00f3v\u00e1ros nyugodt felfedez\u00e9sre h\u00edv, m\u00edg az Adria-part fest\u0151i kil\u00e1t\u00e1st \u00e9s vibr\u00e1l\u00f3 hangulatot k\u00edn\u00e1l a tengerparti s\u00e9t\u00e1nyokkal \u00e9s v\u00edzparti l\u00e9tes\u00edtm\u00e9nyekkel. Pore\u010d nemcsak t\u00f6rt\u00e9nelmi jelent\u0151s\u00e9g\u0171 k\u00f6zpont, hanem a kultur\u00e1lis esem\u00e9nyek k\u00f6zpontja is, ahol zenei fesztiv\u00e1lok, m\u0171v\u00e9szeti ki\u00e1ll\u00edt\u00e1sok \u00e9s hagyom\u00e1nyos \u00fcnneps\u00e9gek zajlanak. A v\u00e1ros gasztron\u00f3miai sz\u00edntere az isztriai konyha gazdags\u00e1g\u00e1t t\u00fckr\u00f6zi, olyan helyi specialit\u00e1sokkal, mint a szarvasgomba, az ol\u00edvaolaj \u00e9s a tenger gy\u00fcm\u00f6lcsei. Pore\u010d n\u00e9pszer\u0171 turisztikai c\u00e9lpontk\u00e9nt a t\u00f6rt\u00e9nelmi felfedez\u00e9s \u00e9s a szabadid\u0151s tev\u00e9kenys\u00e9gek t\u00f6k\u00e9letes kever\u00e9k\u00e9t k\u00edn\u00e1lja. A l\u00e1togat\u00f3k a k\u00f6zeli strandokon s\u00fctk\u00e9rezhetnek a napf\u00e9nyben, v\u00edzi sportokban vehetnek r\u00e9szt, \u00e9s megtapasztalhatj\u00e1k az isztriai vend\u00e9gszeretet meleg\u00e9t. Pore\u010d l\u00e9nyeg\u00e9ben egy olyan v\u00e1ros, amely z\u00f6kken\u0151mentesen \u00f6tv\u00f6zi \u0151si m\u00faltj\u00e1t az \u00e9l\u00e9nk jelennel, v\u00e1ltozatos \u00e9s mag\u00e1val ragad\u00f3 \u00e9lm\u00e9nyt ny\u00fajtva azoknak, akik a t\u00f6rt\u00e9nelem, a kult\u00fara \u00e9s a tengerparti pihen\u00e9s kever\u00e9k\u00e9t keresik.\",\"breadcrumb\":{\"@id\":\"https:\\\/\\\/theone.hr\\\/hu\\\/city\\\/porec-hu\\\/#breadcrumb\"},\"inLanguage\":\"hu\"},{\"@type\":\"BreadcrumbList\",\"@id\":\"https:\\\/\\\/theone.hr\\\/hu\\\/city\\\/porec-hu\\\/#breadcrumb\",\"itemListElement\":[{\"@type\":\"ListItem\",\"position\":1,\"name\":\"Home\",\"item\":\"https:\\\/\\\/theone.hr\\\/hu\\\/\"},{\"@type\":\"ListItem\",\"position\":2,\"name\":\"Porec\"}]},{\"@type\":\"WebSite\",\"@id\":\"https:\\\/\\\/theone.hr\\\/hu\\\/#website\",\"url\":\"https:\\\/\\\/theone.hr\\\/hu\\\/\",\"name\":\"THE ONE Real Estate\",\"description\":\"Luxury boutique real estate brokerage\",\"publisher\":{\"@id\":\"https:\\\/\\\/theone.hr\\\/hu\\\/#organization\"},\"potentialAction\":[{\"@type\":\"SearchAction\",\"target\":{\"@type\":\"EntryPoint\",\"urlTemplate\":\"https:\\\/\\\/theone.hr\\\/hu\\\/?s={search_term_string}\"},\"query-input\":{\"@type\":\"PropertyValueSpecification\",\"valueRequired\":true,\"valueName\":\"search_term_string\"}}],\"inLanguage\":\"hu\"},{\"@type\":\"Organization\",\"@id\":\"https:\\\/\\\/theone.hr\\\/hu\\\/#organization\",\"name\":\"THE ONE Real Estate\",\"url\":\"https:\\\/\\\/theone.hr\\\/hu\\\/\",\"logo\":{\"@type\":\"ImageObject\",\"inLanguage\":\"hu\",\"@id\":\"https:\\\/\\\/theone.hr\\\/hu\\\/#\\\/schema\\\/logo\\\/image\\\/\",\"url\":\"https:\\\/\\\/theone.hr\\\/wp-content\\\/uploads\\\/2022\\\/02\\\/The-One-Real-Estate-Logo-Black.jpg\",\"contentUrl\":\"https:\\\/\\\/theone.hr\\\/wp-content\\\/uploads\\\/2022\\\/02\\\/The-One-Real-Estate-Logo-Black.jpg\",\"width\":750,\"height\":750,\"caption\":\"THE ONE Real Estate\"},\"image\":{\"@id\":\"https:\\\/\\\/theone.hr\\\/hu\\\/#\\\/schema\\\/logo\\\/image\\\/\"},\"sameAs\":[\"https:\\\/\\\/www.facebook.com\\\/theonerealestatecroatia\\\/\",\"https:\\\/\\\/www.instagram.com\\\/theonecroatia\\\/\"]}]}<\/script>\n<!-- \/ Yoast SEO plugin. -->","yoast_head_json":{"title":"Porec - THE ONE Real Estate","description":"A horv\u00e1torsz\u00e1gi Isztriai-f\u00e9lsziget nyugati partj\u00e1n fekv\u0151 Porec t\u00f6rt\u00e9nelmi b\u00e1jt \u00e9s kultur\u00e1lis gazdags\u00e1got sug\u00e1rz\u00f3 v\u00e1ros. A r\u00f3mai korig visszany\u00fal\u00f3 t\u00f6rt\u00e9nelemmel rendelkez\u0151 v\u00e1ros kiemelked\u0151 nevezetess\u00e9ge az UNESCO \u00e1ltal v\u00e9dett Eufr\u00e1zi\u00e1nusz-bazilika, amely a biz\u00e1nci korb\u00f3l sz\u00e1rmaz\u00f3 bonyolult mozaikokat mutat be. A sz\u0171k macskak\u00f6ves utc\u00e1k \u00e9s sz\u00ednes \u00e9p\u00fcletek jellemezte \u00f3v\u00e1ros nyugodt felfedez\u00e9sre h\u00edv, m\u00edg az Adria-part fest\u0151i kil\u00e1t\u00e1st \u00e9s vibr\u00e1l\u00f3 hangulatot k\u00edn\u00e1l a tengerparti s\u00e9t\u00e1nyokkal \u00e9s v\u00edzparti l\u00e9tes\u00edtm\u00e9nyekkel.  Pore\u010d nemcsak t\u00f6rt\u00e9nelmi jelent\u0151s\u00e9g\u0171 k\u00f6zpont, hanem a kultur\u00e1lis esem\u00e9nyek k\u00f6zpontja is, ahol zenei fesztiv\u00e1lok, m\u0171v\u00e9szeti ki\u00e1ll\u00edt\u00e1sok \u00e9s hagyom\u00e1nyos \u00fcnneps\u00e9gek zajlanak. A v\u00e1ros gasztron\u00f3miai sz\u00edntere az isztriai konyha gazdags\u00e1g\u00e1t t\u00fckr\u00f6zi, olyan helyi specialit\u00e1sokkal, mint a szarvasgomba, az ol\u00edvaolaj \u00e9s a tenger gy\u00fcm\u00f6lcsei. Pore\u010d n\u00e9pszer\u0171 turisztikai c\u00e9lpontk\u00e9nt a t\u00f6rt\u00e9nelmi felfedez\u00e9s \u00e9s a szabadid\u0151s tev\u00e9kenys\u00e9gek t\u00f6k\u00e9letes kever\u00e9k\u00e9t k\u00edn\u00e1lja. A l\u00e1togat\u00f3k a k\u00f6zeli strandokon s\u00fctk\u00e9rezhetnek a napf\u00e9nyben, v\u00edzi sportokban vehetnek r\u00e9szt, \u00e9s megtapasztalhatj\u00e1k az isztriai vend\u00e9gszeretet meleg\u00e9t. Pore\u010d l\u00e9nyeg\u00e9ben egy olyan v\u00e1ros, amely z\u00f6kken\u0151mentesen \u00f6tv\u00f6zi \u0151si m\u00faltj\u00e1t az \u00e9l\u00e9nk jelennel, v\u00e1ltozatos \u00e9s mag\u00e1val ragad\u00f3 \u00e9lm\u00e9nyt ny\u00fajtva azoknak, akik a t\u00f6rt\u00e9nelem, a kult\u00fara \u00e9s a tengerparti pihen\u00e9s kever\u00e9k\u00e9t keresik.","robots":{"index":"index","follow":"follow","max-snippet":"max-snippet:-1","max-image-preview":"max-image-preview:large","max-video-preview":"max-video-preview:-1"},"canonical":"https:\/\/theone.hr\/hu\/city\/porec-hu\/","og_locale":"hu_HU","og_type":"article","og_title":"Porec - THE ONE Real Estate","og_description":"A horv\u00e1torsz\u00e1gi Isztriai-f\u00e9lsziget nyugati partj\u00e1n fekv\u0151 Porec t\u00f6rt\u00e9nelmi b\u00e1jt \u00e9s kultur\u00e1lis gazdags\u00e1got sug\u00e1rz\u00f3 v\u00e1ros. A r\u00f3mai korig visszany\u00fal\u00f3 t\u00f6rt\u00e9nelemmel rendelkez\u0151 v\u00e1ros kiemelked\u0151 nevezetess\u00e9ge az UNESCO \u00e1ltal v\u00e9dett Eufr\u00e1zi\u00e1nusz-bazilika, amely a biz\u00e1nci korb\u00f3l sz\u00e1rmaz\u00f3 bonyolult mozaikokat mutat be. A sz\u0171k macskak\u00f6ves utc\u00e1k \u00e9s sz\u00ednes \u00e9p\u00fcletek jellemezte \u00f3v\u00e1ros nyugodt felfedez\u00e9sre h\u00edv, m\u00edg az Adria-part fest\u0151i kil\u00e1t\u00e1st \u00e9s vibr\u00e1l\u00f3 hangulatot k\u00edn\u00e1l a tengerparti s\u00e9t\u00e1nyokkal \u00e9s v\u00edzparti l\u00e9tes\u00edtm\u00e9nyekkel.  Pore\u010d nemcsak t\u00f6rt\u00e9nelmi jelent\u0151s\u00e9g\u0171 k\u00f6zpont, hanem a kultur\u00e1lis esem\u00e9nyek k\u00f6zpontja is, ahol zenei fesztiv\u00e1lok, m\u0171v\u00e9szeti ki\u00e1ll\u00edt\u00e1sok \u00e9s hagyom\u00e1nyos \u00fcnneps\u00e9gek zajlanak. A v\u00e1ros gasztron\u00f3miai sz\u00edntere az isztriai konyha gazdags\u00e1g\u00e1t t\u00fckr\u00f6zi, olyan helyi specialit\u00e1sokkal, mint a szarvasgomba, az ol\u00edvaolaj \u00e9s a tenger gy\u00fcm\u00f6lcsei. Pore\u010d n\u00e9pszer\u0171 turisztikai c\u00e9lpontk\u00e9nt a t\u00f6rt\u00e9nelmi felfedez\u00e9s \u00e9s a szabadid\u0151s tev\u00e9kenys\u00e9gek t\u00f6k\u00e9letes kever\u00e9k\u00e9t k\u00edn\u00e1lja. A l\u00e1togat\u00f3k a k\u00f6zeli strandokon s\u00fctk\u00e9rezhetnek a napf\u00e9nyben, v\u00edzi sportokban vehetnek r\u00e9szt, \u00e9s megtapasztalhatj\u00e1k az isztriai vend\u00e9gszeretet meleg\u00e9t. Pore\u010d l\u00e9nyeg\u00e9ben egy olyan v\u00e1ros, amely z\u00f6kken\u0151mentesen \u00f6tv\u00f6zi \u0151si m\u00faltj\u00e1t az \u00e9l\u00e9nk jelennel, v\u00e1ltozatos \u00e9s mag\u00e1val ragad\u00f3 \u00e9lm\u00e9nyt ny\u00fajtva azoknak, akik a t\u00f6rt\u00e9nelem, a kult\u00fara \u00e9s a tengerparti pihen\u00e9s kever\u00e9k\u00e9t keresik.","og_url":"https:\/\/theone.hr\/hu\/city\/porec-hu\/","og_site_name":"THE ONE Real Estate","twitter_card":"summary_large_image","schema":{"@context":"https:\/\/schema.org","@graph":[{"@type":"CollectionPage","@id":"https:\/\/theone.hr\/hu\/city\/porec-hu\/","url":"https:\/\/theone.hr\/hu\/city\/porec-hu\/","name":"Porec - THE ONE Real Estate","isPartOf":{"@id":"https:\/\/theone.hr\/hu\/#website"},"description":"A horv\u00e1torsz\u00e1gi Isztriai-f\u00e9lsziget nyugati partj\u00e1n fekv\u0151 Porec t\u00f6rt\u00e9nelmi b\u00e1jt \u00e9s kultur\u00e1lis gazdags\u00e1got sug\u00e1rz\u00f3 v\u00e1ros. A r\u00f3mai korig visszany\u00fal\u00f3 t\u00f6rt\u00e9nelemmel rendelkez\u0151 v\u00e1ros kiemelked\u0151 nevezetess\u00e9ge az UNESCO \u00e1ltal v\u00e9dett Eufr\u00e1zi\u00e1nusz-bazilika, amely a biz\u00e1nci korb\u00f3l sz\u00e1rmaz\u00f3 bonyolult mozaikokat mutat be. A sz\u0171k macskak\u00f6ves utc\u00e1k \u00e9s sz\u00ednes \u00e9p\u00fcletek jellemezte \u00f3v\u00e1ros nyugodt felfedez\u00e9sre h\u00edv, m\u00edg az Adria-part fest\u0151i kil\u00e1t\u00e1st \u00e9s vibr\u00e1l\u00f3 hangulatot k\u00edn\u00e1l a tengerparti s\u00e9t\u00e1nyokkal \u00e9s v\u00edzparti l\u00e9tes\u00edtm\u00e9nyekkel. Pore\u010d nemcsak t\u00f6rt\u00e9nelmi jelent\u0151s\u00e9g\u0171 k\u00f6zpont, hanem a kultur\u00e1lis esem\u00e9nyek k\u00f6zpontja is, ahol zenei fesztiv\u00e1lok, m\u0171v\u00e9szeti ki\u00e1ll\u00edt\u00e1sok \u00e9s hagyom\u00e1nyos \u00fcnneps\u00e9gek zajlanak. A v\u00e1ros gasztron\u00f3miai sz\u00edntere az isztriai konyha gazdags\u00e1g\u00e1t t\u00fckr\u00f6zi, olyan helyi specialit\u00e1sokkal, mint a szarvasgomba, az ol\u00edvaolaj \u00e9s a tenger gy\u00fcm\u00f6lcsei. Pore\u010d n\u00e9pszer\u0171 turisztikai c\u00e9lpontk\u00e9nt a t\u00f6rt\u00e9nelmi felfedez\u00e9s \u00e9s a szabadid\u0151s tev\u00e9kenys\u00e9gek t\u00f6k\u00e9letes kever\u00e9k\u00e9t k\u00edn\u00e1lja. A l\u00e1togat\u00f3k a k\u00f6zeli strandokon s\u00fctk\u00e9rezhetnek a napf\u00e9nyben, v\u00edzi sportokban vehetnek r\u00e9szt, \u00e9s megtapasztalhatj\u00e1k az isztriai vend\u00e9gszeretet meleg\u00e9t. Pore\u010d l\u00e9nyeg\u00e9ben egy olyan v\u00e1ros, amely z\u00f6kken\u0151mentesen \u00f6tv\u00f6zi \u0151si m\u00faltj\u00e1t az \u00e9l\u00e9nk jelennel, v\u00e1ltozatos \u00e9s mag\u00e1val ragad\u00f3 \u00e9lm\u00e9nyt ny\u00fajtva azoknak, akik a t\u00f6rt\u00e9nelem, a kult\u00fara \u00e9s a tengerparti pihen\u00e9s kever\u00e9k\u00e9t keresik.","breadcrumb":{"@id":"https:\/\/theone.hr\/hu\/city\/porec-hu\/#breadcrumb"},"inLanguage":"hu"},{"@type":"BreadcrumbList","@id":"https:\/\/theone.hr\/hu\/city\/porec-hu\/#breadcrumb","itemListElement":[{"@type":"ListItem","position":1,"name":"Home","item":"https:\/\/theone.hr\/hu\/"},{"@type":"ListItem","position":2,"name":"Porec"}]},{"@type":"WebSite","@id":"https:\/\/theone.hr\/hu\/#website","url":"https:\/\/theone.hr\/hu\/","name":"THE ONE Real Estate","description":"Luxury boutique real estate brokerage","publisher":{"@id":"https:\/\/theone.hr\/hu\/#organization"},"potentialAction":[{"@type":"SearchAction","target":{"@type":"EntryPoint","urlTemplate":"https:\/\/theone.hr\/hu\/?s={search_term_string}"},"query-input":{"@type":"PropertyValueSpecification","valueRequired":true,"valueName":"search_term_string"}}],"inLanguage":"hu"},{"@type":"Organization","@id":"https:\/\/theone.hr\/hu\/#organization","name":"THE ONE Real Estate","url":"https:\/\/theone.hr\/hu\/","logo":{"@type":"ImageObject","inLanguage":"hu","@id":"https:\/\/theone.hr\/hu\/#\/schema\/logo\/image\/","url":"https:\/\/theone.hr\/wp-content\/uploads\/2022\/02\/The-One-Real-Estate-Logo-Black.jpg","contentUrl":"https:\/\/theone.hr\/wp-content\/uploads\/2022\/02\/The-One-Real-Estate-Logo-Black.jpg","width":750,"height":750,"caption":"THE ONE Real Estate"},"image":{"@id":"https:\/\/theone.hr\/hu\/#\/schema\/logo\/image\/"},"sameAs":["https:\/\/www.facebook.com\/theonerealestatecroatia\/","https:\/\/www.instagram.com\/theonecroatia\/"]}]}},"_links":{"self":[{"href":"https:\/\/theone.hr\/hu\/wp-json\/wp\/v2\/property_city\/626","targetHints":{"allow":["GET"]}}],"collection":[{"href":"https:\/\/theone.hr\/hu\/wp-json\/wp\/v2\/property_city"}],"about":[{"href":"https:\/\/theone.hr\/hu\/wp-json\/wp\/v2\/taxonomies\/property_city"}],"wp:post_type":[{"href":"https:\/\/theone.hr\/hu\/wp-json\/wp\/v2\/tulajdons\u00e1gait?property_city=626"}],"curies":[{"name":"wp","href":"https:\/\/api.w.org\/{rel}","templated":true}]}}